{"id":58654,"date":"2020-01-14T08:09:56","date_gmt":"2020-01-14T06:09:56","guid":{"rendered":"http:\/\/realitatearutiera.ro\/?p=58654"},"modified":"2020-01-14T08:10:02","modified_gmt":"2020-01-14T06:10:02","slug":"informatii-utile-din-trafic-47","status":"publish","type":"post","link":"https:\/\/realitatearutiera.ro\/?p=58654","title":{"rendered":"Informa\u021bii utile din trafic"},"content":{"rendered":"\n<h3 class=\"wp-block-heading\">AVERTIZARE INFOTRAFIC: VIZIBILITATE REDUS\u0102 \u00ceN TRAFIC DIN CAUZA CE\u021aII DENSE<\/h3>\n\n\n\n<p><strong>Ora:&nbsp;<\/strong>06:15<\/p>\n\n\n\n<p><strong>Centrul INFOTRAFIC din Inspectoratul General al Poli\u021biei Rom\u00e2ne&nbsp;<\/strong>informeaz\u0103 c\u0103 circula\u021bia rutier\u0103 se desf\u0103\u0219oar\u0103 \u00eengreunat din cauza ce\u021bii dense, vizibilitatea fiind redus\u0103 sub 200 de metri, iar pe alocuri chiar sub 50 de metri, pe mai multe artere rutiere din 23 de jude\u021be ale \u021b\u0103rii, respectiv C\u0103l\u0103ra\u0219i, Ilfov, Teleorman, Giurgiu&nbsp;<em>(DN5 Daia \u2013 Bucure\u0219ti)<\/em>, Covasna, Harghita, Sibiu, Mure\u0219, Cara\u0219-Severin, Arad, Bihor, Br\u0103ila, Timi\u0219, Hunedoara, Cluj, Bistri\u021ba \u2013 N\u0103s\u0103ud, Bac\u0103u, Gala\u021bi, Vrancea, Vaslui, Alba, Bra\u0219ov, Olt (<em>DN6 Caracal &#8211; Mihae\u0219ti, DN64 Caracal &#8211; Piatra \u0219i DN 54 Caracal \u2013 Corabia)<\/em>&nbsp;\u0219i Dolj.<\/p>\n\n\n\n<p>De asemenea, \u00een condi\u021bii de cea\u021b\u0103, cu vizibilitate redus\u0103, pe alocuri, sub 100 de metri, se circul\u0103 \u0219i pe autostr\u0103zile&nbsp;<em>A3 Turda \u2013 Bor\u0219, A10 Sebe\u0219 \u2013 Turda, A1 Bucure\u0219ti \u2013 Pite\u0219ti, la intrarea \u00een Capital\u0103 \u0219i A2 Bucure\u0219ti \u2013 Constan\u021ba.<\/em><\/p>\n\n\n\n<p><strong><em>Recomand\u0103m conduc\u0103torilor auto ca, pe timp de cea\u0163\u0103, s\u0103 reduc\u0103 viteza, s\u0103 m\u0103reasc\u0103 distan\u0163a \u00een mers fa\u0163\u0103 de vehiculele din fa\u021b\u0103 \u015fi s\u0103 foloseasc\u0103 corespunz\u0103tor luminile. Trebuie sa atragem atentia si pietonilor, bicicli\u015ftilor \u015fi c\u0103ru\u0163a\u015filor care trebuie s\u0103 fie con\u015ftien\u0163i de faptul c\u0103 pe timp de cea\u0163\u0103 sunt mai greu vizibili \u00een trafic.<\/em><\/strong><\/p>\n\n\n\n<h3 class=\"wp-block-heading\">JUDE\u0162UL GALA\u021aI: TRAFIC \u00ceNGREUNAT PE DN25<\/h3>\n\n\n\n<p><strong>Ora:&nbsp;<\/strong>07:05<\/p>\n\n\n\n<p><strong>Centrul INFOTRAFIC din Inspectoratul General al Poli\u0163iei Rom\u00e2ne<\/strong>&nbsp;informeaz\u0103 c\u0103 circula\u021bia rutier\u0103 se desf\u0103\u0219oar\u0103 pe un fir alternativ pe DN25 Gala\u021bi &#8211; Tecuci (\u00een zona localit\u0103\u021bii Tudor Vladimirescu, jude\u021bul Gala\u021bi) din cauza unui accident rutier \u00een care au fost implicate un autocar \u0219i un autoturism. \u00cen urma evenimentului dou\u0103 persoane au fost r\u0103nite u\u0219or.<\/p>\n\n\n\n<p>Se estimeaz\u0103 ca traficul s\u0103 fie reluat, \u00een condi\u021bii normale, \u00een 30-45 de minute.<\/p>\n\n\n\n<p><strong><em>Pentru prevenirea accidentelor rutiere, sf\u0103tuim conduc\u0103torii auto s\u0103 ruleze cu pruden\u0163\u0103 sporit\u0103, s\u0103 p\u0103streze distan\u0163a regulamentar\u0103 \u00eentre vehicule \u015fi s\u0103 se asigure temeinic la schimbarea direc\u0163iei de deplasare.<\/em><\/strong><\/p>\n","protected":false},"excerpt":{"rendered":"<p>AVERTIZARE INFOTRAFIC: VIZIBILITATE REDUS\u0102 \u00ceN TRAFIC DIN CAUZA CE\u021aII DENSE Ora:&nbsp;06:15 Centrul INFOTRAFIC din Inspectoratul General al Poli\u021biei Rom\u00e2ne&nbsp;informeaz\u0103 c\u0103<\/p>\n","protected":false},"author":1,"featured_media":27311,"comment_status":"closed","ping_status":"closed","sticky":false,"template":"","format":"standard","meta":{"spay_email":"","footnotes":"","jetpack_publicize_message":""},"categories":[54],"tags":[],"class_list":["post-58654","post","type-post","status-publish","format-standard","has-post-thumbnail","hentry","category-informatii-rutiere"],"jetpack_featured_media_url":"https:\/\/i2.wp.com\/realitatearutiera.ro\/wp-content\/uploads\/2017\/09\/infotrafic.jpg?fit=630%2C365&ssl=1","jetpack_publicize_connections":[],"jetpack_sharing_enabled":true,"jetpack_shortlink":"https:\/\/wp.me\/p61naM-fg2","jetpack-related-posts":[],"_links":{"self":[{"href":"https:\/\/realitatearutiera.ro\/index.php?rest_route=\/wp\/v2\/posts\/58654","targetHints":{"allow":["GET"]}}],"collection":[{"href":"https:\/\/realitatearutiera.ro\/index.php?rest_route=\/wp\/v2\/posts"}],"about":[{"href":"https:\/\/realitatearutiera.ro\/index.php?rest_route=\/wp\/v2\/types\/post"}],"author":[{"embeddable":true,"href":"https:\/\/realitatearutiera.ro\/index.php?rest_route=\/wp\/v2\/users\/1"}],"replies":[{"embeddable":true,"href":"https:\/\/realitatearutiera.ro\/index.php?rest_route=%2Fwp%2Fv2%2Fcomments&post=58654"}],"version-history":[{"count":1,"href":"https:\/\/realitatearutiera.ro\/index.php?rest_route=\/wp\/v2\/posts\/58654\/revisions"}],"predecessor-version":[{"id":58655,"href":"https:\/\/realitatearutiera.ro\/index.php?rest_route=\/wp\/v2\/posts\/58654\/revisions\/58655"}],"wp:featuredmedia":[{"embeddable":true,"href":"https:\/\/realitatearutiera.ro\/index.php?rest_route=\/wp\/v2\/media\/27311"}],"wp:attachment":[{"href":"https:\/\/realitatearutiera.ro\/index.php?rest_route=%2Fwp%2Fv2%2Fmedia&parent=58654"}],"wp:term":[{"taxonomy":"category","embeddable":true,"href":"https:\/\/realitatearutiera.ro\/index.php?rest_route=%2Fwp%2Fv2%2Fcategories&post=58654"},{"taxonomy":"post_tag","embeddable":true,"href":"https:\/\/realitatearutiera.ro\/index.php?rest_route=%2Fwp%2Fv2%2Ftags&post=58654"}],"curies":[{"name":"wp","href":"https:\/\/api.w.org\/{rel}","templated":true}]}}