{"id":5874,"date":"2015-12-04T10:23:00","date_gmt":"2015-12-04T07:23:00","guid":{"rendered":"http:\/\/realitatearutiera.ro\/?p=5874"},"modified":"2015-12-04T10:23:00","modified_gmt":"2015-12-04T07:23:00","slug":"vezi-ce-se-va-intampla-cu-terra-daca-clima-ar-creste-cu-4-grade-celsius","status":"publish","type":"post","link":"https:\/\/realitatearutiera.ro\/?p=5874","title":{"rendered":"Vezi ce se va intampla cu TERRA daca clima ar creste cu 4 grade Celsius !!!"},"content":{"rendered":"<p><strong><span style=\"font-family: Arial; font-size: small;\">Temperatura medie global\u0103 ar putea cre\u015fte cu p\u00e2n\u0103 la 4 grade Celsius spre finalul acestui secol, \u00een condi\u0163iile \u00een care gazele de ser\u0103 continu\u0103 s\u0103 fie emise \u00een num\u0103r tot mai mare, ipoteza d\u00e2nd na\u015ftere unui scenariu sumbru, relateaz\u0103 discovery.com.<\/span><\/strong><\/p>\n<p>Discu\u0163iile privind \u00eenc\u0103lzirea global\u0103, \u00een contextul desf\u0103\u015fur\u0103rii celei de-a 21-a edi\u0163ii a Conferin\u0163ei ONU pe tema Climei (COP21) de la Paris, au dus la o ipotez\u0103 \u015focant\u0103, a c\u0103rei profunzime nu este \u00een\u0163eleas\u0103 pe deplin nici p\u00e2n\u0103 \u00een acest moment.<\/p>\n<p>Potrivit exper\u0163ilor, este greu de precizat ce ar \u00eensemna o medie a temperaturii P\u0103m\u00e2ntului cu 4 grade Celsius \u00een plus, \u00eens\u0103 cu siguran\u0163\u0103 am avea parte de valuri de c\u0103ldur\u0103 mortale, super-furtuni care ar devasta ora\u015fele de la malurile oceanelor, ceea ce ar provoca relocarea a milioane de oameni \u015fi distrugerea unor aglomer\u0103ri urbane importante.<\/p>\n<p>Sursa : mediafax<\/p>\n","protected":false},"excerpt":{"rendered":"<p>Temperatura medie global\u0103 ar putea cre\u015fte cu p\u00e2n\u0103 la 4 grade Celsius spre finalul acestui secol, \u00een condi\u0163iile \u00een care<\/p>\n","protected":false},"author":1,"featured_media":5875,"comment_status":"open","ping_status":"open","sticky":false,"template":"","format":"standard","meta":{"spay_email":"","footnotes":"","jetpack_publicize_message":""},"categories":[12],"tags":[],"class_list":["post-5874","post","type-post","status-publish","format-standard","has-post-thumbnail","hentry","category-stiri-internationale"],"jetpack_featured_media_url":"https:\/\/i0.wp.com\/realitatearutiera.ro\/wp-content\/uploads\/2015\/12\/incalzirea-glob.jpg?fit=605%2C388&ssl=1","jetpack_publicize_connections":[],"jetpack_sharing_enabled":true,"jetpack_shortlink":"https:\/\/wp.me\/p61naM-1wK","jetpack-related-posts":[],"_links":{"self":[{"href":"https:\/\/realitatearutiera.ro\/index.php?rest_route=\/wp\/v2\/posts\/5874","targetHints":{"allow":["GET"]}}],"collection":[{"href":"https:\/\/realitatearutiera.ro\/index.php?rest_route=\/wp\/v2\/posts"}],"about":[{"href":"https:\/\/realitatearutiera.ro\/index.php?rest_route=\/wp\/v2\/types\/post"}],"author":[{"embeddable":true,"href":"https:\/\/realitatearutiera.ro\/index.php?rest_route=\/wp\/v2\/users\/1"}],"replies":[{"embeddable":true,"href":"https:\/\/realitatearutiera.ro\/index.php?rest_route=%2Fwp%2Fv2%2Fcomments&post=5874"}],"version-history":[{"count":1,"href":"https:\/\/realitatearutiera.ro\/index.php?rest_route=\/wp\/v2\/posts\/5874\/revisions"}],"predecessor-version":[{"id":5876,"href":"https:\/\/realitatearutiera.ro\/index.php?rest_route=\/wp\/v2\/posts\/5874\/revisions\/5876"}],"wp:featuredmedia":[{"embeddable":true,"href":"https:\/\/realitatearutiera.ro\/index.php?rest_route=\/wp\/v2\/media\/5875"}],"wp:attachment":[{"href":"https:\/\/realitatearutiera.ro\/index.php?rest_route=%2Fwp%2Fv2%2Fmedia&parent=5874"}],"wp:term":[{"taxonomy":"category","embeddable":true,"href":"https:\/\/realitatearutiera.ro\/index.php?rest_route=%2Fwp%2Fv2%2Fcategories&post=5874"},{"taxonomy":"post_tag","embeddable":true,"href":"https:\/\/realitatearutiera.ro\/index.php?rest_route=%2Fwp%2Fv2%2Ftags&post=5874"}],"curies":[{"name":"wp","href":"https:\/\/api.w.org\/{rel}","templated":true}]}}