{"id":5877,"date":"2015-12-04T10:27:36","date_gmt":"2015-12-04T07:27:36","guid":{"rendered":"http:\/\/realitatearutiera.ro\/?p=5877"},"modified":"2015-12-04T10:27:36","modified_gmt":"2015-12-04T07:27:36","slug":"veste-buna-pentru-ieseni-vezi-cand-va-fi-gata-pasajul-dacia-pacurari","status":"publish","type":"post","link":"https:\/\/realitatearutiera.ro\/?p=5877","title":{"rendered":"VESTE BUNA PENTRU IE\u0218ENI !! Vezi cand va fi gata pasajul DACIA-PACURARI !!"},"content":{"rendered":"<p style=\"font: 14px\/18px 'Open Sans', sans-serif; margin: 0px; padding: 5px 0px; color: #333333; text-transform: none; text-indent: 0px; letter-spacing: normal; word-spacing: 0px; white-space: normal; widows: 1; font-size-adjust: none; font-stretch: normal; background-color: #ffffff; -webkit-text-stroke-width: 0px;\"><strong>Lucr\u0103rile din Pia\u0163a Unirii &#8211; L\u0103pu\u015fneanu \u015fi de la pasajul Octav B\u0103ncil\u0103 sunt aproape de finalizare. \u00cen cazul primului proiect, reprezentan\u0163ii municipalit\u0103\u0163ii au dat asigur\u0103ri c\u0103 acesta va fi executat \u00een termenul contractual, urm\u00e2nd s\u0103 fie inaugurat p\u00e2n\u0103 la mijlocul lunii decembrie, \u00een timp ce lucr\u0103rile la pasajul Dacia &#8211; P\u0103curari ar urma s\u0103 se termine p\u00e2n\u0103 la sf\u00e2r\u015fitul lunii. \u00cen cazul acestuia din urm\u0103, ultima dat\u0103 de finalizare avansat\u0103 de edili era 16 decembrie.<\/strong><\/p>\n<p style=\"font: 14px\/18px 'Open Sans', sans-serif; margin: 0px; padding: 5px 0px; color: #333333; text-transform: none; text-indent: 0px; letter-spacing: normal; word-spacing: 0px; white-space: normal; widows: 1; font-size-adjust: none; font-stretch: normal; background-color: #ffffff; -webkit-text-stroke-width: 0px;\">Cele mai recente lucr\u0103ri efectuate la proiectul L\u0103pu\u015fneanu \u2013 Pia\u0163a Unirii au constat \u00een asfaltarea parc\u0103rii de pe bulevardul Independen\u0163ei. Alte lucr\u0103ri realizate \u00een prezent vizeaz\u0103 \u00een special zona parcului Mitocul Maicilor \u015fi pe esplanada dinspre Pia\u0163a Unirii \u015fi bulevardul Independen\u0163ei. La pasajul B\u0103ncil\u0103, principalele lucr\u0103ri se execut\u0103 la rampele de acces spre P\u0103curari \u015fi Arcu.<\/p>\n<p style=\"font: 14px\/18px 'Open Sans', sans-serif; margin: 0px; padding: 5px 0px; color: #333333; text-transform: none; text-indent: 0px; letter-spacing: normal; word-spacing: 0px; white-space: normal; widows: 1; font-size-adjust: none; font-stretch: normal; background-color: #ffffff; -webkit-text-stroke-width: 0px;\">\u00cen ciuda \u00eent\u00e2rzierilor la pasaj, unde, ini\u0163ial, lucr\u0103rile trebuiau finalizate \u00een 2014, prim\u0103ria nu a aplicat \u00eenc\u0103 sanc\u0163iuni.<em><strong><span class=\"Apple-converted-space\">\u00a0<\/span>\u201eDeocamdat\u0103, nu este cazul s\u0103 aplic\u0103m sanc\u0163iuni at\u00e2t timp c\u00e2t proiectul se duce la bun sf\u00e2r\u015fit\u201d,<\/strong><\/em><span class=\"Apple-converted-space\">\u00a0<\/span>a declarat ieri primarul interimar, Mihai Chirica.<\/p>\n<p style=\"font: 14px\/18px 'Open Sans', sans-serif; margin: 0px; padding: 5px 0px; color: #333333; text-transform: none; text-indent: 0px; letter-spacing: normal; word-spacing: 0px; white-space: normal; widows: 1; font-size-adjust: none; font-stretch: normal; background-color: #ffffff; -webkit-text-stroke-width: 0px;\">Sursa : ziaruldeiasi<\/p>\n","protected":false},"excerpt":{"rendered":"<p>Lucr\u0103rile din Pia\u0163a Unirii &#8211; L\u0103pu\u015fneanu \u015fi de la pasajul Octav B\u0103ncil\u0103 sunt aproape de finalizare. \u00cen cazul primului proiect,<\/p>\n","protected":false},"author":1,"featured_media":5878,"comment_status":"open","ping_status":"open","sticky":false,"template":"","format":"standard","meta":{"spay_email":"","footnotes":"","jetpack_publicize_message":""},"categories":[11],"tags":[],"class_list":["post-5877","post","type-post","status-publish","format-standard","has-post-thumbnail","hentry","category-stiri-interne"],"jetpack_featured_media_url":"https:\/\/i2.wp.com\/realitatearutiera.ro\/wp-content\/uploads\/2015\/12\/pasaj-octav-bancila-in-lucru-002.jpg?fit=800%2C530&ssl=1","jetpack_publicize_connections":[],"jetpack_sharing_enabled":true,"jetpack_shortlink":"https:\/\/wp.me\/p61naM-1wN","jetpack-related-posts":[],"_links":{"self":[{"href":"https:\/\/realitatearutiera.ro\/index.php?rest_route=\/wp\/v2\/posts\/5877","targetHints":{"allow":["GET"]}}],"collection":[{"href":"https:\/\/realitatearutiera.ro\/index.php?rest_route=\/wp\/v2\/posts"}],"about":[{"href":"https:\/\/realitatearutiera.ro\/index.php?rest_route=\/wp\/v2\/types\/post"}],"author":[{"embeddable":true,"href":"https:\/\/realitatearutiera.ro\/index.php?rest_route=\/wp\/v2\/users\/1"}],"replies":[{"embeddable":true,"href":"https:\/\/realitatearutiera.ro\/index.php?rest_route=%2Fwp%2Fv2%2Fcomments&post=5877"}],"version-history":[{"count":1,"href":"https:\/\/realitatearutiera.ro\/index.php?rest_route=\/wp\/v2\/posts\/5877\/revisions"}],"predecessor-version":[{"id":5879,"href":"https:\/\/realitatearutiera.ro\/index.php?rest_route=\/wp\/v2\/posts\/5877\/revisions\/5879"}],"wp:featuredmedia":[{"embeddable":true,"href":"https:\/\/realitatearutiera.ro\/index.php?rest_route=\/wp\/v2\/media\/5878"}],"wp:attachment":[{"href":"https:\/\/realitatearutiera.ro\/index.php?rest_route=%2Fwp%2Fv2%2Fmedia&parent=5877"}],"wp:term":[{"taxonomy":"category","embeddable":true,"href":"https:\/\/realitatearutiera.ro\/index.php?rest_route=%2Fwp%2Fv2%2Fcategories&post=5877"},{"taxonomy":"post_tag","embeddable":true,"href":"https:\/\/realitatearutiera.ro\/index.php?rest_route=%2Fwp%2Fv2%2Ftags&post=5877"}],"curies":[{"name":"wp","href":"https:\/\/api.w.org\/{rel}","templated":true}]}}