{"id":59165,"date":"2020-01-27T09:58:29","date_gmt":"2020-01-27T07:58:29","guid":{"rendered":"http:\/\/realitatearutiera.ro\/?p=59165"},"modified":"2020-01-27T09:58:35","modified_gmt":"2020-01-27T07:58:35","slug":"de-astazi-politistii-au-puteri-sporite-care-sunt-noile-prevederi","status":"publish","type":"post","link":"https:\/\/realitatearutiera.ro\/?p=59165","title":{"rendered":"De ast\u0103zi poli\u021bi\u0219tii au puteri sporite. Care sunt noile prevederi"},"content":{"rendered":"\n<p>Astfel, noua lege prevede, printre altele, amendarea cu p\u00e2n\u0103 la 1.500 de lei a persoanelor care refuz\u0103 s\u0103 furnizeze poli\u0163i\u015ftilor sau jandarmilor date de identificare sau s\u0103 se prezinte la sediul Poli\u0163iei.<\/p>\n\n\n\n<p>\u201eLegea instituie reguli clare \u015fi transparente&nbsp;<a href=\"https:\/\/www.promotor.ro\/utile\/cod-rutier-2020-ce-patesti-daca-te-opreste-politia-iar-tu-folosesti-telefonul-si-n-ai-centura-pusa-18625756\">referitoare<\/a>&nbsp;la procedurile de legitimare, control corporal, al bagajelor sau al vehiculului. De asemenea, sunt prezentate condi\u0163iile \u00een care o persoan\u0103 poate fi condus\u0103 la sediul politiei \u015fi situa\u0163iile \u00een care poli\u0163istul poate utiliza for\u0163a, respectiv sunt introduse garan\u0163ii suplimentare pentru respectarea drepturilor cet\u0103\u0163eanului\u201d, transmite&nbsp;<a href=\"https:\/\/www.mediafax.ro\/social\/politistii-au-puteri-sporite-de-duminica-amenzi-mai-mari-pentru-cei-care-refuza-sa-se-legitimeze-sau-dau-petreceri-in-spatiul-public-18749195\">Mediafax<\/a>.<\/p>\n\n\n\n<p>Noile reglement\u0103ri prev\u0103d c\u0103 \u201erefuzul unei persoane de a furniza date pentru stabilirea identit\u0103\u0163ii sale sau de a se prezenta la sediul poli\u0163iei, la cererea ori la invita\u0163ia justificat\u0103 a organelor de urm\u0103rire penal\u0103 sau a organelor de ordine public\u0103, aflate \u00een exercitarea atribu\u0163iilor de serviciu\u201d se sanc\u0163ioneaz\u0103 cu amend\u0103 de la 500 lei la 1.500 lei.<\/p>\n\n\n\n<p>Poli\u0163istul are dreptul s\u0103 conduc\u0103 o persoan\u0103 la sediul poli\u0163iei, atunci c\u00e2nd: nu s-a putut stabili (pe loc) identitatea acesteia, ori exista motive verosimile pentru a b\u0103nui c\u0103 identitatea declarat\u0103 nu este real\u0103 sau documentele prezentate nu sunt veridice; din cauza comportamentului, locului, momentului, circumstan\u0163elor, ori bunurilor aflate asupra sa, creeaz\u0103 motive verosimile pentru a b\u0103nui c\u0103 preg\u0103te\u015fte sau a comis o fapt\u0103 ilegal\u0103; prin ac\u0163iunile sale pericliteaz\u0103 via\u0163a, s\u0103n\u0103tatea sau integritatea corporal\u0103, a sa ori a altei persoane sau ordinea public\u0103; luarea unor m\u0103suri legale, pe loc, ar putea crea un pericol pentru aceasta sau pentru ordinea public\u0103.<\/p>\n\n\n\n<p>Noua lege introduce garan\u0163ii pentru persoana condus\u0103 la sediul poli\u0163iei, aceasta av\u00e2nd urm\u0103toarele drepturi: de a fi informat\u0103 cu privire la motivele conducerii la sediul poli\u0163iei, \u00eenainte de ini\u0163ierea m\u0103surii; de a fi informat\u0103 cu privire la drepturile ce-i revin; de a contesta m\u0103sura dispus\u0103; de a fi asistat\u0103 de un avocat \u015fi de a comunica direct cu acesta; de a solicita informarea unui membru de familie sau a altei persoane pe care o indic\u0103; de a fi asistat\u0103 de un medic; de a-i fi informa\u0163i p\u0103rin\u0163ii, tutorele sau reprezentantul legal, dac\u0103 este vorba de un minor; de a primi o copie a procesului-verbal \u00eentocmit cu aceasta ocazie.<\/p>\n\n\n\n<p>sursa: promotor.ro<\/p>\n","protected":false},"excerpt":{"rendered":"<p>Astfel, noua lege prevede, printre altele, amendarea cu p\u00e2n\u0103 la 1.500 de lei a persoanelor care refuz\u0103 s\u0103 furnizeze poli\u0163i\u015ftilor<\/p>\n","protected":false},"author":1,"featured_media":48480,"comment_status":"closed","ping_status":"closed","sticky":false,"template":"","format":"standard","meta":{"spay_email":"","footnotes":"","jetpack_publicize_message":""},"categories":[11],"tags":[],"class_list":["post-59165","post","type-post","status-publish","format-standard","has-post-thumbnail","hentry","category-stiri-interne"],"jetpack_featured_media_url":"https:\/\/i2.wp.com\/realitatearutiera.ro\/wp-content\/uploads\/2019\/04\/politistii-din-romania-vor-fi-dotati-cu-camere-video-montate-direct-pe-uniforma-586003.jpg?fit=620%2C377&ssl=1","jetpack_publicize_connections":[],"jetpack_sharing_enabled":true,"jetpack_shortlink":"https:\/\/wp.me\/p61naM-foh","jetpack-related-posts":[],"_links":{"self":[{"href":"https:\/\/realitatearutiera.ro\/index.php?rest_route=\/wp\/v2\/posts\/59165","targetHints":{"allow":["GET"]}}],"collection":[{"href":"https:\/\/realitatearutiera.ro\/index.php?rest_route=\/wp\/v2\/posts"}],"about":[{"href":"https:\/\/realitatearutiera.ro\/index.php?rest_route=\/wp\/v2\/types\/post"}],"author":[{"embeddable":true,"href":"https:\/\/realitatearutiera.ro\/index.php?rest_route=\/wp\/v2\/users\/1"}],"replies":[{"embeddable":true,"href":"https:\/\/realitatearutiera.ro\/index.php?rest_route=%2Fwp%2Fv2%2Fcomments&post=59165"}],"version-history":[{"count":1,"href":"https:\/\/realitatearutiera.ro\/index.php?rest_route=\/wp\/v2\/posts\/59165\/revisions"}],"predecessor-version":[{"id":59166,"href":"https:\/\/realitatearutiera.ro\/index.php?rest_route=\/wp\/v2\/posts\/59165\/revisions\/59166"}],"wp:featuredmedia":[{"embeddable":true,"href":"https:\/\/realitatearutiera.ro\/index.php?rest_route=\/wp\/v2\/media\/48480"}],"wp:attachment":[{"href":"https:\/\/realitatearutiera.ro\/index.php?rest_route=%2Fwp%2Fv2%2Fmedia&parent=59165"}],"wp:term":[{"taxonomy":"category","embeddable":true,"href":"https:\/\/realitatearutiera.ro\/index.php?rest_route=%2Fwp%2Fv2%2Fcategories&post=59165"},{"taxonomy":"post_tag","embeddable":true,"href":"https:\/\/realitatearutiera.ro\/index.php?rest_route=%2Fwp%2Fv2%2Ftags&post=59165"}],"curies":[{"name":"wp","href":"https:\/\/api.w.org\/{rel}","templated":true}]}}