{"id":59682,"date":"2020-02-07T11:24:40","date_gmt":"2020-02-07T09:24:40","guid":{"rendered":"http:\/\/realitatearutiera.ro\/?p=59682"},"modified":"2020-02-07T11:24:47","modified_gmt":"2020-02-07T09:24:47","slug":"cum-stim-ca-ne-am-vindecat-de-gripa-si-la-cate-zile-ne-putem-intoarce-in-comunitate","status":"publish","type":"post","link":"https:\/\/realitatearutiera.ro\/?p=59682","title":{"rendered":"Cum \u015ftim c\u0103 ne-am vindecat de grip\u0103 \u015fi la c\u00e2te zile ne putem \u00eentoarce \u00een comunitate?"},"content":{"rendered":"\n<p>Prof.dr. Adrian Streinu Cercel, managerul Institutului Na\u0163ional de Boli Infec\u0163ioase Matei Bal\u015f, a declarat la emisiunea Marius Tuc\u0103 Show c\u0103, dac\u0103 am avut grip\u0103, ne putem \u00eentoarce \u00een comunitate dup\u0103 ultimul episod febril, respectiv la 7 zile de la debutul bolii.<\/p>\n\n\n\n<p>Prof. Dr. Adrian Streinu Cercel a explicat cum putem \u015fti dac\u0103 avem sau nu grip\u0103 \u015fi care sunt m\u0103surile pe care trebuie s\u0103 le lu\u0103m imediat dac\u0103 prezent\u0103m simptomele specifice acestei boli.<\/p>\n\n\n\n<p>\u201c\u00cent\u00e2i apare durerea de cap \u015fi febra 39-40 de grade, imediat apar durerile de mu\u015fchi \u015fi de articula\u0163ii \u015fi omul se simte ca \u015fi c\u00e2nd ar fi b\u0103tut, aceast\u0103 simptomatologie culc\u0103 persoana respectiv\u0103 la pat, pur \u015fi simplu. \u0102sta este diagnosticul clar de grip\u0103. \u00cen timpul doi apare tusea, apar secre\u0163iile nazale, de obicei apoase, dac\u0103 nu are ce face se apuc\u0103 \u015fi ia antibiotice, atunci o serie de germeni pe care noi \u00eei avem, dar cu rol protector, vor fi distru\u015fi de c\u0103tre antibiotic \u015fi las\u0103 porti\u0163\u0103 pentru al\u0163i germeni\u201d, a declarat managerul Institutului Bal\u015f.<\/p>\n\n\n\n<p>\u00cen aceste condi\u0163ii, prof. dr. Streinu Cercel ne recomand\u0103 s\u0103 anun\u0163\u0103m medicul de familie, s\u0103 ne auitoizol\u0103m la domiciliu \u015fi s\u0103 mergem la spital numai dac\u0103 simptomele se agraveaz\u0103.<\/p>\n\n\n\n<p>\u201cPrimul lucru ar trebui s\u0103 sune medicul de familie \u015fi s\u0103 se autoizoleze la domiciliu, sun\u0103 medicul de familie, realizeaz\u0103 dou\u0103 lucruri: \u00een primul r\u00e2nd o confirmare clinic\u0103 a diagnosticului \u015fi al doilea c\u0103 \u00eei spune ce s\u0103 fac\u0103, ce s\u0103 ia \u015fi, mai mult dec\u00e2t at\u00e2t, \u00eei rezerv\u0103 \u015fi concediul medical ca s\u0103 stea lini\u015ftit acas\u0103 f\u0103r\u0103 probleme. Dac\u0103 lucrurile astea sunt realizate, atunci nu mai e nevoie s\u0103 se deplaseze nic\u0103ieri(&#8230;) Dac\u0103 se \u00eent\u00e2mpl\u0103 \u015fi evolu\u0163ia este proast\u0103 \u015fi manifest\u0103rile se accentueaz\u0103, da, te duci la camera de gard\u0103 pentru c\u0103 acolo trebuie s\u0103 ajungi\u201d, a subliniat prof.dr. Streinu Cercel.<\/p>\n\n\n\n<p>Managerul Institutului Bal\u015f ne-a explicat \u015fi cum ne d\u0103m seama dac\u0103 suntem vindeca\u0163i \u015fi putem ie\u015fi din cas\u0103.<\/p>\n\n\n\n<p>\u201eDin momentul \u00een care a devenit afebril \u015fi asta se \u00eent\u00e2mpl\u0103 cam \u00een a doua parte, dup\u0103 circa \u015fapte zile, se poate duce. Trebuie spus c\u0103 \u00een grip\u0103 avem dou\u0103 v\u00e2rfuri febrile, avem un prim episod care dureaz\u0103 cam dou\u0103-trei zile, dup\u0103 care \u00een mod spontan persoana respectiv\u0103 devine afebril\u0103 \u00eenc\u0103 o zi dau dou\u0103 \u015fi mai avem \u00eenc\u0103 o perioad\u0103 de dou\u0103-trei zile \u00een care reface febra, se cheam\u0103 a\u015fa-zisa febr\u0103 \u00een dromader, adic\u0103 capul reprezint\u0103 primul episod febril \u015fi cocoa\u015fa a devenit al doilea episod febril. Dup\u0103 terminarea celui de al doilea episod febril se poate duce \u00eenapoi \u00een colectivitate c\u0103 nu mai este contagios. Acum, simptomatologia este amendat\u0103 de c\u0103tre terapie, dar \u015fi terapia trebuie dus\u0103 minimum cinci zile, cum scrie \u00een prospect \u015fi bine ar fi spre \u015fapte zile ca s\u0103 avem siguran\u0163a c\u0103 virusul a fost inhibat corespunz\u0103tor\u201d, a mai spus prof.dr. Streinu Cercel, potrivit Me<a href=\"https:\/\/mediafax.ro\/\" rel=\"noreferrer noopener\" target=\"_blank\">diafax<\/a>.<\/p>\n","protected":false},"excerpt":{"rendered":"<p>Prof.dr. Adrian Streinu Cercel, managerul Institutului Na\u0163ional de Boli Infec\u0163ioase Matei Bal\u015f, a declarat la emisiunea Marius Tuc\u0103 Show c\u0103,<\/p>\n","protected":false},"author":1,"featured_media":55010,"comment_status":"closed","ping_status":"closed","sticky":false,"template":"","format":"standard","meta":{"spay_email":"","footnotes":"","jetpack_publicize_message":""},"categories":[6],"tags":[],"class_list":["post-59682","post","type-post","status-publish","format-standard","has-post-thumbnail","hentry","category-social"],"jetpack_featured_media_url":"https:\/\/i0.wp.com\/realitatearutiera.ro\/wp-content\/uploads\/2019\/09\/raceala.jpg?fit=1000%2C667&ssl=1","jetpack_publicize_connections":[],"jetpack_sharing_enabled":true,"jetpack_shortlink":"https:\/\/wp.me\/p61naM-fwC","jetpack-related-posts":[],"_links":{"self":[{"href":"https:\/\/realitatearutiera.ro\/index.php?rest_route=\/wp\/v2\/posts\/59682","targetHints":{"allow":["GET"]}}],"collection":[{"href":"https:\/\/realitatearutiera.ro\/index.php?rest_route=\/wp\/v2\/posts"}],"about":[{"href":"https:\/\/realitatearutiera.ro\/index.php?rest_route=\/wp\/v2\/types\/post"}],"author":[{"embeddable":true,"href":"https:\/\/realitatearutiera.ro\/index.php?rest_route=\/wp\/v2\/users\/1"}],"replies":[{"embeddable":true,"href":"https:\/\/realitatearutiera.ro\/index.php?rest_route=%2Fwp%2Fv2%2Fcomments&post=59682"}],"version-history":[{"count":1,"href":"https:\/\/realitatearutiera.ro\/index.php?rest_route=\/wp\/v2\/posts\/59682\/revisions"}],"predecessor-version":[{"id":59683,"href":"https:\/\/realitatearutiera.ro\/index.php?rest_route=\/wp\/v2\/posts\/59682\/revisions\/59683"}],"wp:featuredmedia":[{"embeddable":true,"href":"https:\/\/realitatearutiera.ro\/index.php?rest_route=\/wp\/v2\/media\/55010"}],"wp:attachment":[{"href":"https:\/\/realitatearutiera.ro\/index.php?rest_route=%2Fwp%2Fv2%2Fmedia&parent=59682"}],"wp:term":[{"taxonomy":"category","embeddable":true,"href":"https:\/\/realitatearutiera.ro\/index.php?rest_route=%2Fwp%2Fv2%2Fcategories&post=59682"},{"taxonomy":"post_tag","embeddable":true,"href":"https:\/\/realitatearutiera.ro\/index.php?rest_route=%2Fwp%2Fv2%2Ftags&post=59682"}],"curies":[{"name":"wp","href":"https:\/\/api.w.org\/{rel}","templated":true}]}}