{"id":59760,"date":"2020-02-11T08:50:16","date_gmt":"2020-02-11T06:50:16","guid":{"rendered":"http:\/\/realitatearutiera.ro\/?p=59760"},"modified":"2020-02-11T08:50:23","modified_gmt":"2020-02-11T06:50:23","slug":"atentionare-de-calatorie-fenomene-meteo-extreme-in-germania","status":"publish","type":"post","link":"https:\/\/realitatearutiera.ro\/?p=59760","title":{"rendered":"Aten\u0163ionare de c\u0103l\u0103torie: Fenomene meteo extreme \u00een Germania"},"content":{"rendered":"\n<p>Ministerul Afacerilor Externe (MAE) informeaz\u0103 cet\u0103\u0163enii rom\u00e2ni care se afl\u0103, tranziteaz\u0103 sau inten\u0163ioneaz\u0103 s\u0103 c\u0103l\u0103toreasc\u0103 \u00een Germania c\u0103, \u00een conformitate cu datele transmise de Autoritatea Federal\u0103 pentru Protec\u0163ia Popula\u0163iei, p\u00e2n\u0103 mar\u0163i, la ora 18.00, se vor \u00eenregistra fenomene meteorologice extreme, cu furtuni \u015fi v\u00e2nt, cu rafale de p\u00e2n\u0103 la 140 \u2013 180 km\/h.<ins><\/ins><\/p>\n\n\n\n<p>Informa\u0163ii actualizate pot fi g\u0103site pe site-ul Serviciului German de Meteorologie la adresa: www.dwd.de\/DE\/wetter, arat\u0103 un comunicat MAE transmis Agerpres.<\/p>\n\n\n\n<p>Cet\u0103\u0163enii rom\u00e2ni pot solicita asisten\u0163\u0103 consular\u0103 la numerele de telefon ale Ambasadei Rom\u00e2niei la Berlin: +493021239555, +493021239514 \u015fi +493021239516, ale Consulatului General al Rom\u00e2niei la Bonn: +492286838135; +492286838211; +492286838244; +492286838254, ale Consulatului General al Rom\u00e2niei la Munchen: +4989553307; +498998106143, ale Consulatului General al Rom\u00e2niei la Stuttgart +497116648611, +497116648612, +497116648613, +497116648614 \u015fi +497116648615, apelurile fiind redirec\u0163ionate c\u0103tre Centrul de Contact \u015fi Suport al Cet\u0103\u0163enilor Rom\u00e2ni din Str\u0103in\u0103tate (CCSCRS) \u015fi preluate de c\u0103tre operatorii Call Center \u00een regim de permanen\u0163\u0103.<\/p>\n\n\n\n<p>De asemenea, cet\u0103\u0163enii rom\u00e2ni, care se confrunt\u0103 cu o situa\u0163ie dificil\u0103, special\u0103, cu un caracter de urgen\u0163\u0103, pot apela \u015fi la telefoanele de permanen\u0163\u0103 ale misiunii diplomatice a Rom\u00e2niei la Berlin: +491601579938, oficiului consular al Rom\u00e2niei la Bonn +491735757585, al oficiului consular al Rom\u00e2niei la Munchen +491602087789 \u015fi cel al oficiului consular al Rom\u00e2niei la Stuttgart +491716813450.<\/p>\n\n\n\n<p>Ministerul Afacerilor Externe recomand\u0103 consultarea paginilor de internet berlin.mae.ro, bonn.mae.ro, munchen.mae.ro, www.meteoalarm.eu, \/www.mae.ro \u015fi reaminte\u015fte faptul c\u0103 cet\u0103\u0163enii rom\u00e2ni care c\u0103l\u0103toresc \u00een str\u0103in\u0103tate au la dispozi\u0163ie aplica\u0163ia \u201eC\u0103l\u0103tore\u015fte \u00een siguran\u0163\u0103\u201d, care ofer\u0103 informa\u0163ii \u015fi sfaturi de c\u0103l\u0103torie.<\/p>\n\n\n\n<p><em>Sursa foto: EuropaFm<\/em><\/p>\n","protected":false},"excerpt":{"rendered":"<p>Ministerul Afacerilor Externe (MAE) informeaz\u0103 cet\u0103\u0163enii rom\u00e2ni care se afl\u0103, tranziteaz\u0103 sau inten\u0163ioneaz\u0103 s\u0103 c\u0103l\u0103toreasc\u0103 \u00een Germania c\u0103, \u00een conformitate<\/p>\n","protected":false},"author":1,"featured_media":59761,"comment_status":"closed","ping_status":"closed","sticky":false,"template":"","format":"standard","meta":{"spay_email":"","footnotes":"","jetpack_publicize_message":""},"categories":[12],"tags":[],"class_list":["post-59760","post","type-post","status-publish","format-standard","has-post-thumbnail","hentry","category-stiri-internationale"],"jetpack_featured_media_url":"https:\/\/i1.wp.com\/realitatearutiera.ro\/wp-content\/uploads\/2020\/02\/viscol2-465x390-2.jpg?fit=605%2C382&ssl=1","jetpack_publicize_connections":[],"jetpack_sharing_enabled":true,"jetpack_shortlink":"https:\/\/wp.me\/p61naM-fxS","jetpack-related-posts":[],"_links":{"self":[{"href":"https:\/\/realitatearutiera.ro\/index.php?rest_route=\/wp\/v2\/posts\/59760","targetHints":{"allow":["GET"]}}],"collection":[{"href":"https:\/\/realitatearutiera.ro\/index.php?rest_route=\/wp\/v2\/posts"}],"about":[{"href":"https:\/\/realitatearutiera.ro\/index.php?rest_route=\/wp\/v2\/types\/post"}],"author":[{"embeddable":true,"href":"https:\/\/realitatearutiera.ro\/index.php?rest_route=\/wp\/v2\/users\/1"}],"replies":[{"embeddable":true,"href":"https:\/\/realitatearutiera.ro\/index.php?rest_route=%2Fwp%2Fv2%2Fcomments&post=59760"}],"version-history":[{"count":1,"href":"https:\/\/realitatearutiera.ro\/index.php?rest_route=\/wp\/v2\/posts\/59760\/revisions"}],"predecessor-version":[{"id":59762,"href":"https:\/\/realitatearutiera.ro\/index.php?rest_route=\/wp\/v2\/posts\/59760\/revisions\/59762"}],"wp:featuredmedia":[{"embeddable":true,"href":"https:\/\/realitatearutiera.ro\/index.php?rest_route=\/wp\/v2\/media\/59761"}],"wp:attachment":[{"href":"https:\/\/realitatearutiera.ro\/index.php?rest_route=%2Fwp%2Fv2%2Fmedia&parent=59760"}],"wp:term":[{"taxonomy":"category","embeddable":true,"href":"https:\/\/realitatearutiera.ro\/index.php?rest_route=%2Fwp%2Fv2%2Fcategories&post=59760"},{"taxonomy":"post_tag","embeddable":true,"href":"https:\/\/realitatearutiera.ro\/index.php?rest_route=%2Fwp%2Fv2%2Ftags&post=59760"}],"curies":[{"name":"wp","href":"https:\/\/api.w.org\/{rel}","templated":true}]}}