{"id":59841,"date":"2020-02-12T09:45:58","date_gmt":"2020-02-12T07:45:58","guid":{"rendered":"http:\/\/realitatearutiera.ro\/?p=59841"},"modified":"2020-02-12T09:46:04","modified_gmt":"2020-02-12T07:46:04","slug":"cum-arata-masina-de-politie-cu-care-se-fac-verificarile-itp-video","status":"publish","type":"post","link":"https:\/\/realitatearutiera.ro\/?p=59841","title":{"rendered":"Cum arat\u0103 ma\u0219ina de poli\u021bie cu care se fac verific\u0103rile ITP? VIDEO"},"content":{"rendered":"\n<p>Un cet\u0103\u021bean a filmat o ac\u021biune a&nbsp;<a href=\"https:\/\/www.promotor.ro\/stiri-auto\/itp-2019-cand-se-face-itp-acte-necesare-itp-cat-costa-itp-ce-defecte-sunt-acceptate-la-itp-si-care-sunt-sanctiunile-pentru-lipsa-itp-17789361\">Poli\u021biei Rutiere<\/a>&nbsp;din jude\u021bul Bac\u0103u. Filtrul era organizat \u00eempreun\u0103 cu RAR pe o strad\u0103 din ora\u0219ul Moine\u0219ti. \u00cen timp ce \u0219oferii erau tra\u0219i pe dreapta \u0219i amenda\u021bi pentru problemele tehnice sau expirarea ITP-ului, b\u0103rbatul a filmat ma\u0219ina de Poli\u021bie, care era aflat\u0103 \u00eentr-o stare at\u00e2t de jalnic\u0103 \u00eenc\u00e2t ne face s\u0103 ne \u00eentreb\u0103m cum a trecut inspec\u021bia tehnic\u0103.<\/p>\n\n\n\n<p>B\u0103rbatul a dat dovad\u0103 de mult curaj \u0219i le-a repro\u0219at poli\u021bi\u0219tilor c\u0103 amendeaz\u0103 \u0219oferii, de\u0219i autospeciala MAI nu ar trece niciodat\u0103 inspec\u021bia tehnic\u0103 periodic\u0103 din cauza ruginii.<\/p>\n\n\n\n<p>Dup\u0103 ce internautul le-a repro\u0219at&nbsp;<a href=\"https:\/\/www.promotor.ro\/stiri-auto\/rar-2019-cu-ce-defectiuni-nu-poti-trece-de-inspectia-rar-18402712\">poli\u021bistului<\/a>&nbsp;\u0219i angajatului RAR c\u0103 \u00eencalc\u0103 chiar ei legisla\u021bia, echipajele au plecat din acel loc.<\/p>\n\n\n\n<p>\u201eAutovehiculul folosit de nu are cea mai estetic\u0103 form\u0103 de utilizare, \u00eens\u0103 precizez c\u0103 autovehiculul respectiv are Inspec\u021bie Tehnic\u0103 Periodic\u0103 \u0219i corespunde din punct de vedere tehnic, din p\u0103cate nu \u0219i estetic\u201d, a declarat un oficial al IJP Bac\u0103u.<\/p>\n\n\n\n<figure class=\"wp-block-embed-youtube wp-block-embed is-type-video is-provider-youtube wp-embed-aspect-16-9 wp-has-aspect-ratio\"><div class=\"wp-block-embed__wrapper\">\n<span class=\"embed-youtube\" style=\"text-align:center; display: block;\"><iframe class='youtube-player' width='800' height='450' src='https:\/\/www.youtube.com\/embed\/hUBc2Mpm9iw?version=3&#038;rel=1&#038;fs=1&#038;autohide=2&#038;showsearch=0&#038;showinfo=1&#038;iv_load_policy=1&#038;wmode=transparent' allowfullscreen='true' style='border:0;'><\/iframe><\/span>\n<\/div><\/figure>\n\n\n\n<p>Sursa: promotor.ro<\/p>\n","protected":false},"excerpt":{"rendered":"<p>Un cet\u0103\u021bean a filmat o ac\u021biune a&nbsp;Poli\u021biei Rutiere&nbsp;din jude\u021bul Bac\u0103u. Filtrul era organizat \u00eempreun\u0103 cu RAR pe o strad\u0103 din<\/p>\n","protected":false},"author":1,"featured_media":56561,"comment_status":"closed","ping_status":"closed","sticky":false,"template":"","format":"standard","meta":{"spay_email":"","footnotes":"","jetpack_publicize_message":""},"categories":[6],"tags":[],"class_list":["post-59841","post","type-post","status-publish","format-standard","has-post-thumbnail","hentry","category-social"],"jetpack_featured_media_url":"https:\/\/i1.wp.com\/realitatearutiera.ro\/wp-content\/uploads\/2019\/11\/rar_.jpg?fit=563%2C270&ssl=1","jetpack_publicize_connections":[],"jetpack_sharing_enabled":true,"jetpack_shortlink":"https:\/\/wp.me\/p61naM-fzb","jetpack-related-posts":[],"_links":{"self":[{"href":"https:\/\/realitatearutiera.ro\/index.php?rest_route=\/wp\/v2\/posts\/59841","targetHints":{"allow":["GET"]}}],"collection":[{"href":"https:\/\/realitatearutiera.ro\/index.php?rest_route=\/wp\/v2\/posts"}],"about":[{"href":"https:\/\/realitatearutiera.ro\/index.php?rest_route=\/wp\/v2\/types\/post"}],"author":[{"embeddable":true,"href":"https:\/\/realitatearutiera.ro\/index.php?rest_route=\/wp\/v2\/users\/1"}],"replies":[{"embeddable":true,"href":"https:\/\/realitatearutiera.ro\/index.php?rest_route=%2Fwp%2Fv2%2Fcomments&post=59841"}],"version-history":[{"count":1,"href":"https:\/\/realitatearutiera.ro\/index.php?rest_route=\/wp\/v2\/posts\/59841\/revisions"}],"predecessor-version":[{"id":59842,"href":"https:\/\/realitatearutiera.ro\/index.php?rest_route=\/wp\/v2\/posts\/59841\/revisions\/59842"}],"wp:featuredmedia":[{"embeddable":true,"href":"https:\/\/realitatearutiera.ro\/index.php?rest_route=\/wp\/v2\/media\/56561"}],"wp:attachment":[{"href":"https:\/\/realitatearutiera.ro\/index.php?rest_route=%2Fwp%2Fv2%2Fmedia&parent=59841"}],"wp:term":[{"taxonomy":"category","embeddable":true,"href":"https:\/\/realitatearutiera.ro\/index.php?rest_route=%2Fwp%2Fv2%2Fcategories&post=59841"},{"taxonomy":"post_tag","embeddable":true,"href":"https:\/\/realitatearutiera.ro\/index.php?rest_route=%2Fwp%2Fv2%2Ftags&post=59841"}],"curies":[{"name":"wp","href":"https:\/\/api.w.org\/{rel}","templated":true}]}}