{"id":60107,"date":"2020-02-19T08:19:55","date_gmt":"2020-02-19T06:19:55","guid":{"rendered":"http:\/\/realitatearutiera.ro\/?p=60107"},"modified":"2020-02-19T08:20:02","modified_gmt":"2020-02-19T06:20:02","slug":"tragedie-un-barbat-si-a-pierdut-viata-dupa-ce-a-fost-lovit-in-plin-de-un-autoturism-pe-e-85","status":"publish","type":"post","link":"https:\/\/realitatearutiera.ro\/?p=60107","title":{"rendered":"Tragedie. Un b\u0103rbat \u0219i-a pierdut via\u021ba dup\u0103 ce a fost lovit \u00een plin de un autoturism, pe E 85"},"content":{"rendered":"\n<h4 class=\"wp-block-heading\"><strong>Tragedie. Un b\u0103rbat \u00een v\u00e2rst\u0103 de 32 de ani \u0219i-a pierdut via\u021ba dup\u0103 ce a fost lovit \u00een plin de un autoturism. Accidentul a avut loc mar\u021bi, \u00een jurul orei 11.00, pe E 85, la ie\u0219ire din Suceava spre F\u0103lticeni, \u00een apropierea primului metru de autostrad\u0103 din Moldova.<\/strong><\/h4>\n\n\n\n<figure class=\"wp-block-image\"><img decoding=\"async\" src=\"http:\/\/platformarealitatea.net\/index.php?r=open\/file&amp;id=5e4c0f6be673b1291e6b8d53\" alt=\"Imagine\"\/><\/figure>\n\n\n\n<p>Victima a oprit ma\u0219ina pe marginea drumului, pentru a cump\u0103ra miere de albine de la un v\u00e2nz\u0103tor aflat \u00een zon\u0103. B\u0103rbatul nu s-a asigurat corespunz\u0103tor \u00een traversarea drumului \u0219i a fost lovit \u00een plin de o ma\u0219in\u0103.<\/p>\n\n\n\n<figure class=\"wp-block-image\"><img decoding=\"async\" src=\"http:\/\/platformarealitatea.net\/index.php?r=open\/file&amp;id=5e4c0ea561c33a658b6d9d72\" alt=\"Imagine\"\/><\/figure>\n\n\n\n<p>La volanul autoturismul respectiv se afla fostul prefect de Suceava, Ioan B\u0103ncescu, \u00een v\u00e2rst\u0103 de 73 de ani.<\/p>\n\n\n\n<p>Impactul a fost foarte puternic, pietonul deced\u00e2nd pe loc.<\/p>\n\n\n\n<p>\u0218oferul a fost testat cu aparatul etilotest, rezultatul fiind negativ. Acestuia i s-a recoltat o prob\u0103 biologic\u0103 de s\u00e2nge \u00een vederea stabilirii alcoolemiei.<\/p>\n\n\n\n<p>Poli\u021bi\u0219tii au \u00eentocmit \u00een cauz\u0103 dosar penal.<\/p>\n\n\n\n<p>Ioan B\u0103ncescu a fost prefect al jude\u021bului Suceava \u00een perioada 1993-1996. De asemenea,\u00a0 acesta\u00a0a fost deputat de Suceava \u00een mandatul 2000-2004.<\/p>\n\n\n\n<p>Sursa:realitateadesuceava<\/p>\n","protected":false},"excerpt":{"rendered":"<p>Tragedie. Un b\u0103rbat \u00een v\u00e2rst\u0103 de 32 de ani \u0219i-a pierdut via\u021ba dup\u0103 ce a fost lovit \u00een plin de<\/p>\n","protected":false},"author":1,"featured_media":48979,"comment_status":"closed","ping_status":"closed","sticky":false,"template":"","format":"standard","meta":{"spay_email":"","footnotes":"","jetpack_publicize_message":""},"categories":[1],"tags":[],"class_list":["post-60107","post","type-post","status-publish","format-standard","has-post-thumbnail","hentry","category-uncategorized"],"jetpack_featured_media_url":"https:\/\/i0.wp.com\/realitatearutiera.ro\/wp-content\/uploads\/2019\/04\/accident-2-465x390.jpg?fit=605%2C350&ssl=1","jetpack_publicize_connections":[],"jetpack_sharing_enabled":true,"jetpack_shortlink":"https:\/\/wp.me\/p61naM-fDt","jetpack-related-posts":[],"_links":{"self":[{"href":"https:\/\/realitatearutiera.ro\/index.php?rest_route=\/wp\/v2\/posts\/60107","targetHints":{"allow":["GET"]}}],"collection":[{"href":"https:\/\/realitatearutiera.ro\/index.php?rest_route=\/wp\/v2\/posts"}],"about":[{"href":"https:\/\/realitatearutiera.ro\/index.php?rest_route=\/wp\/v2\/types\/post"}],"author":[{"embeddable":true,"href":"https:\/\/realitatearutiera.ro\/index.php?rest_route=\/wp\/v2\/users\/1"}],"replies":[{"embeddable":true,"href":"https:\/\/realitatearutiera.ro\/index.php?rest_route=%2Fwp%2Fv2%2Fcomments&post=60107"}],"version-history":[{"count":1,"href":"https:\/\/realitatearutiera.ro\/index.php?rest_route=\/wp\/v2\/posts\/60107\/revisions"}],"predecessor-version":[{"id":60108,"href":"https:\/\/realitatearutiera.ro\/index.php?rest_route=\/wp\/v2\/posts\/60107\/revisions\/60108"}],"wp:featuredmedia":[{"embeddable":true,"href":"https:\/\/realitatearutiera.ro\/index.php?rest_route=\/wp\/v2\/media\/48979"}],"wp:attachment":[{"href":"https:\/\/realitatearutiera.ro\/index.php?rest_route=%2Fwp%2Fv2%2Fmedia&parent=60107"}],"wp:term":[{"taxonomy":"category","embeddable":true,"href":"https:\/\/realitatearutiera.ro\/index.php?rest_route=%2Fwp%2Fv2%2Fcategories&post=60107"},{"taxonomy":"post_tag","embeddable":true,"href":"https:\/\/realitatearutiera.ro\/index.php?rest_route=%2Fwp%2Fv2%2Ftags&post=60107"}],"curies":[{"name":"wp","href":"https:\/\/api.w.org\/{rel}","templated":true}]}}