{"id":60116,"date":"2020-02-19T08:40:55","date_gmt":"2020-02-19T06:40:55","guid":{"rendered":"http:\/\/realitatearutiera.ro\/?p=60116"},"modified":"2020-02-19T08:44:52","modified_gmt":"2020-02-19T06:44:52","slug":"60116","status":"publish","type":"post","link":"https:\/\/realitatearutiera.ro\/?p=60116","title":{"rendered":"Ziua Constantin Br\u00e2ncu\u0219i, marcat\u0103 printr-o premier\u0103 \u00een valoare de 40.000 de euro"},"content":{"rendered":"\n<figure class=\"wp-block-image is-resized\"><img loading=\"lazy\" decoding=\"async\" src=\"https:\/\/i0.wp.com\/www.avantaje.ro\/wp-content\/uploads\/2020\/02\/ziua-Constantin-Br%C3%A2ncu%C8%99i.jpg?resize=290%2C386&#038;ssl=1\" alt=\"ziua Constantin Br\u00e2ncu\u0219i\" class=\"wp-image-420251\" width=\"290\" height=\"386\" data-recalc-dims=\"1\" \/><\/figure>\n\n\n\n<p>Sculptorul Constantin Br\u00e2ncu\u0219i; Foto: Profimedia<\/p>\n\n\n\n<p><strong>19 februarie este data la care, \u00een anul 1876, \u00een localitatea Hobi\u0163a, s-a n\u0103scut sculptorul rom\u00e2n Constantin Br\u00e2ncu\u015fi.\u00a0Potrivit legii 305\/2015, aceast\u0103 zi a fost declarat\u0103 s\u0103rb\u0103toare na\u0163ional\u0103. Cu aceast\u0103 ocazie, autorit\u0103\u0163ile centrale \u015fi locale organizeaz\u0103 o serie de manifest\u0103ri cultural-artistice.<\/strong><\/p>\n\n\n\n<p>Potrivit&nbsp;<a href=\"https:\/\/www.news.ro\/cultura-media\/ziua-nationala-constantin-brancusi-muzeu-inaugurat-la-targu-jiu-holograma-artistului-la-mnar-1922405313002020021619264996\" target=\"_blank\" rel=\"noreferrer noopener\">news.ro<\/a>, ministrul Culturii, Bogdan Gheorghiu, a anun\u021bat c\u0103, pe 19 februarie 2020, sunt programate mai multe evenimente menite s\u0103 readuc\u0103 \u00een aten\u0163ia public\u0103 operele lui Br\u00e2ncu\u0219i. Totodat\u0103, va avea loc inaugurarea Muzeului Na\u0163ional \u201eConstantin Br\u00e2ncu\u015fi&#8217; la T\u00e2rgu Jiu, iar la Bucure\u015fti este preg\u0103tit\u0103 proiec\u0163ia unei holograme 3D, de la ora 19.00, \u00een curtea Muzeului Na\u0163ional de Art\u0103.<\/p>\n\n\n\n<p>Potrivit ministrului Culturii, holograma 3D, de \u015fapte metri \u00een\u0103l\u0163ime, prezentat\u0103 la MNAR de Ziua Na\u0163ional\u0103 Constantin Br\u00e2ncu\u015fi, reprezint\u0103 o premier\u0103 \u00een Rom\u00e2nia \u0219i a costat aproximativ 40.000 de euro, banii provenind din sponsoriz\u0103ri.<\/p>\n\n\n\n<p>Pe tot parcursul zilei accesul va fi gratuit la MNAR, care va organiza \u015fi vizite ghidate \u00een sala \u201eBr\u00e2ncu\u015fi&#8217;.<\/p>\n\n\n\n<p>Pe 18 februarie, cu o zi \u00eenainte de&nbsp;Ziua Na\u0163ional\u0103 Constantin Br\u00e2ncu\u015fi, la T\u00e2rgu Jiu, are loc inaugurarea Muzeului Na\u0163ional \u201eConstantin Br\u00e2ncu\u015fi&#8217;, \u00een casa Barbu G\u0103nescu, \u00een care a locuit sculptorul \u00een perioada \u00een care a lucrat la ansamblul monumental \u201eCalea Eroilor&#8217;.<\/p>\n\n\n\n<figure class=\"wp-block-image\"><img decoding=\"async\" src=\"https:\/\/i0.wp.com\/www.avantaje.ro\/wp-content\/uploads\/2020\/02\/ziua-Constantin-Br%C3%A2ncu%C8%99i-2.jpg?w=800&#038;ssl=1\" alt=\"ziua Constantin Br\u00e2ncu\u0219i\" class=\"wp-image-420253\" data-recalc-dims=\"1\"\/><\/figure>\n\n\n\n<p>Atelierul lui Constantin Br\u00e2ncu\u0219i din Paris; Foto: shutterstock<\/p>\n\n\n\n<h2 class=\"wp-block-heading\">Irina Rimes, ambasador onorific al Zilei Br\u00e2ncu\u0219i<\/h2>\n\n\n\n<p>Ambasador onorific al Zilei Br\u00e2ncu\u0219i a fost aleas\u0103, \u00een acest an, c\u00e2nt\u0103rea\u021ba Irina Rimes: \u201e<em>Ce persoan\u0103 putea fi mai potrivit\u0103 dec\u00e2t Irina Rimes, care are at\u00e2\u0163ia admiratori pe re\u0163elele de socializare? [\u2026]&nbsp;N-o fi Irina singura vedet\u0103 cu priz\u0103 la tineri, dar cu siguran\u0163\u0103 este reprezentativ\u0103 [\u2026] Noi ne-am atins scopul prin faptul c\u0103 o avem \u00eentre noi<\/em>\u201c, a spus ministrul Bogdan Gheorghiu,&nbsp;care a subliniat interesul de a aduce tinerii mai aproape de cultur\u0103, iar implicarea unor astfel de vedete ar fi singurul mod \u00een care ar putea fi create pun\u0163i.<\/p>\n\n\n\n<p>Referitor la misiunea pe care o are, c\u00e2nt\u0103rea\u0163a a declarat c\u0103 a \u201e<em>devenit tot mai activ\u0103, s-au trezit \u00een mine dorin\u0163a de a vorbi despre asta, despre cultura noastr\u0103 rom\u00e2neasc\u0103, de ce ne \u00eendep\u0103rt\u0103m de ea \u015fi nu ne apropiem<\/em>&#8216;.<\/p>\n\n\n\n<p>Sursa:avantaje<\/p>\n","protected":false},"excerpt":{"rendered":"<p>Sculptorul Constantin Br\u00e2ncu\u0219i; Foto: Profimedia 19 februarie este data la care, \u00een anul 1876, \u00een localitatea Hobi\u0163a, s-a n\u0103scut sculptorul<\/p>\n","protected":false},"author":1,"featured_media":60119,"comment_status":"closed","ping_status":"closed","sticky":false,"template":"","format":"standard","meta":{"spay_email":"","footnotes":"","jetpack_publicize_message":""},"categories":[6],"tags":[],"class_list":["post-60116","post","type-post","status-publish","format-standard","has-post-thumbnail","hentry","category-social"],"jetpack_featured_media_url":"https:\/\/i0.wp.com\/realitatearutiera.ro\/wp-content\/uploads\/2020\/02\/Constantin-Brancusi-Tg.-Jiu.jpg?fit=295%2C180&ssl=1","jetpack_publicize_connections":[],"jetpack_sharing_enabled":true,"jetpack_shortlink":"https:\/\/wp.me\/s61naM-60116","jetpack-related-posts":[],"_links":{"self":[{"href":"https:\/\/realitatearutiera.ro\/index.php?rest_route=\/wp\/v2\/posts\/60116","targetHints":{"allow":["GET"]}}],"collection":[{"href":"https:\/\/realitatearutiera.ro\/index.php?rest_route=\/wp\/v2\/posts"}],"about":[{"href":"https:\/\/realitatearutiera.ro\/index.php?rest_route=\/wp\/v2\/types\/post"}],"author":[{"embeddable":true,"href":"https:\/\/realitatearutiera.ro\/index.php?rest_route=\/wp\/v2\/users\/1"}],"replies":[{"embeddable":true,"href":"https:\/\/realitatearutiera.ro\/index.php?rest_route=%2Fwp%2Fv2%2Fcomments&post=60116"}],"version-history":[{"count":2,"href":"https:\/\/realitatearutiera.ro\/index.php?rest_route=\/wp\/v2\/posts\/60116\/revisions"}],"predecessor-version":[{"id":60124,"href":"https:\/\/realitatearutiera.ro\/index.php?rest_route=\/wp\/v2\/posts\/60116\/revisions\/60124"}],"wp:featuredmedia":[{"embeddable":true,"href":"https:\/\/realitatearutiera.ro\/index.php?rest_route=\/wp\/v2\/media\/60119"}],"wp:attachment":[{"href":"https:\/\/realitatearutiera.ro\/index.php?rest_route=%2Fwp%2Fv2%2Fmedia&parent=60116"}],"wp:term":[{"taxonomy":"category","embeddable":true,"href":"https:\/\/realitatearutiera.ro\/index.php?rest_route=%2Fwp%2Fv2%2Fcategories&post=60116"},{"taxonomy":"post_tag","embeddable":true,"href":"https:\/\/realitatearutiera.ro\/index.php?rest_route=%2Fwp%2Fv2%2Ftags&post=60116"}],"curies":[{"name":"wp","href":"https:\/\/api.w.org\/{rel}","templated":true}]}}