{"id":60282,"date":"2020-02-24T08:37:39","date_gmt":"2020-02-24T06:37:39","guid":{"rendered":"http:\/\/realitatearutiera.ro\/?p=60282"},"modified":"2020-02-24T08:37:46","modified_gmt":"2020-02-24T06:37:46","slug":"accident-grav-in-judetul-cluj-dupa-ce-doua-autoturisme-s-au-ciocnit-pe-dn-1f","status":"publish","type":"post","link":"https:\/\/realitatearutiera.ro\/?p=60282","title":{"rendered":"Accident grav \u00een jude\u021bul Cluj, dup\u0103 ce dou\u0103 autoturisme s-au ciocnit pe DN 1F"},"content":{"rendered":"\n<p>Doi adul\u0163i \u015fi trei copii au fost transporta\u0163i la spital. Copiii, cu v\u00e2rste \u00eentre 6 \u015fi 13 ani, nu aveau r\u0103ni vizibile, dar erau \u00een stare de \u015foc, iar p\u0103rin\u0163ii lor au suferit mai multe traumatisme.<\/p>\n\n\n\n<p>Potrivit Poli\u0163iei Jude\u0163ene Cluj, un\u00a0<a href=\"https:\/\/www.antena3.ro\/tag\/accident-47972.html\">accident<\/a>\u00a0rutier s-a produs\u00a0\u00een localitatea Mera, dup\u0103 ce un \u015fofer de 36 de ani care conducea un autoturism \u00eenspre Zal\u0103u a virat la st\u00e2nga peste marcajul longitudinal continuu. Astfel, ma\u015fina s-a ciocnit un autoturism condus spre Cluj-Napoca, de un \u015fofer de 34 de ani.<br>\u00a0<br>\u00a0Sursa:adevarul<\/p>\n","protected":false},"excerpt":{"rendered":"<p>Doi adul\u0163i \u015fi trei copii au fost transporta\u0163i la spital. Copiii, cu v\u00e2rste \u00eentre 6 \u015fi 13 ani, nu aveau<\/p>\n","protected":false},"author":1,"featured_media":0,"comment_status":"closed","ping_status":"closed","sticky":false,"template":"","format":"standard","meta":{"spay_email":"","footnotes":"","jetpack_publicize_message":""},"categories":[1],"tags":[],"class_list":["post-60282","post","type-post","status-publish","format-standard","hentry","category-uncategorized"],"jetpack_featured_media_url":"","jetpack_publicize_connections":[],"jetpack_sharing_enabled":true,"jetpack_shortlink":"https:\/\/wp.me\/p61naM-fGi","jetpack-related-posts":[],"_links":{"self":[{"href":"https:\/\/realitatearutiera.ro\/index.php?rest_route=\/wp\/v2\/posts\/60282","targetHints":{"allow":["GET"]}}],"collection":[{"href":"https:\/\/realitatearutiera.ro\/index.php?rest_route=\/wp\/v2\/posts"}],"about":[{"href":"https:\/\/realitatearutiera.ro\/index.php?rest_route=\/wp\/v2\/types\/post"}],"author":[{"embeddable":true,"href":"https:\/\/realitatearutiera.ro\/index.php?rest_route=\/wp\/v2\/users\/1"}],"replies":[{"embeddable":true,"href":"https:\/\/realitatearutiera.ro\/index.php?rest_route=%2Fwp%2Fv2%2Fcomments&post=60282"}],"version-history":[{"count":1,"href":"https:\/\/realitatearutiera.ro\/index.php?rest_route=\/wp\/v2\/posts\/60282\/revisions"}],"predecessor-version":[{"id":60283,"href":"https:\/\/realitatearutiera.ro\/index.php?rest_route=\/wp\/v2\/posts\/60282\/revisions\/60283"}],"wp:attachment":[{"href":"https:\/\/realitatearutiera.ro\/index.php?rest_route=%2Fwp%2Fv2%2Fmedia&parent=60282"}],"wp:term":[{"taxonomy":"category","embeddable":true,"href":"https:\/\/realitatearutiera.ro\/index.php?rest_route=%2Fwp%2Fv2%2Fcategories&post=60282"},{"taxonomy":"post_tag","embeddable":true,"href":"https:\/\/realitatearutiera.ro\/index.php?rest_route=%2Fwp%2Fv2%2Ftags&post=60282"}],"curies":[{"name":"wp","href":"https:\/\/api.w.org\/{rel}","templated":true}]}}