{"id":60447,"date":"2020-02-26T12:11:24","date_gmt":"2020-02-26T10:11:24","guid":{"rendered":"http:\/\/realitatearutiera.ro\/?p=60447"},"modified":"2020-02-26T12:11:30","modified_gmt":"2020-02-26T10:11:30","slug":"noua-toyota-yaris-si-rav4-plug-in-in-romania-din-aceasta-vara","status":"publish","type":"post","link":"https:\/\/realitatearutiera.ro\/?p=60447","title":{"rendered":"Noua Toyota Yaris \u0219i RAV4 plug-in, \u00een Rom\u00e2nia din aceast\u0103 var\u0103"},"content":{"rendered":"\n<p>Toyota Rom\u00e2nia a anun\u021bat c\u0103 noile modele Yaris \u0219i RAV4 Plug-in Hybrid vor ajunge \u00een Rom\u00e2nia din aceast\u0103 var\u0103. Ambele modele au fost prezentate luna trecut\u0103, \u00een cadrul Forumului Kenshiki din Amsterdam.<\/p>\n\n\n\n<p>Noul RAV4 a fost prezentat luna trecut\u0103 la Forumul Kenshiki 2020 de la Amsterdam, al\u0103turi de noul Yaris, dar \u0219i de alte modele \u015fi concepte.<\/p>\n\n\n\n<p>Prima versiune plug-in hybrid a lui RAV4, cu o putere total\u0103 a sistemului de 306 CP, poate accelera de pe loc p\u00e2n\u0103 la 100 de km\/h \u00een doar 6,2 secunde, dep\u0103\u0219ind oricare dintre rivalii s\u0103i cu motoare conven\u021bionale. Mai mult, datele preliminare \u00een ciclu WLTP indic\u0103 o cantitate de emisii de doar 28 g de CO2\/km.<\/p>\n\n\n\n<p>Noul model Yaris, conceput pentru a fi cel mai sigur autovehicul compact de clasa B din lume, aduce \u00een premier\u0103 filosofia Toyota New Global Architecture (TNGA) \u00een cadrul segmentului de ma\u0219ini compacte, odat\u0103 cu debutul noii platforme GA-B \u0219i al noului sistem hibrid ajuns la genera\u021bia a patra.<\/p>\n\n\n\n<p>Toyota a redus lungimea total\u0103 a noului Yaris cu 5 mm \u0219i, \u00een acela\u0219i timp, a m\u0103rit ampatamentul cu 50 mm, asigur\u00e2ndu-se c\u0103 ma\u0219ina este agil\u0103, dar \u0219i u\u0219or de condus \u0219i de parcat \u00een ora\u0219. Sistemul hibrid este dotat cu noul motor pe benzin\u0103 Dynamic Force de 1.5 litri, cu trei cilindri \u0219i ciclu Atkinson. La fel ca \u00een cazul versiunilor cu patru cilindri de 2.0 \u0219i 2.5 litri, tehnologia Dynamic Force beneficiaz\u0103 de \u00eembun\u0103t\u0103\u021biri care reduc frec\u0103rile interne, pierderile mecanice \u0219i optimizeaz\u0103 combustia.<\/p>\n\n\n\n<p>Forumul Kenshiki de la Amsterdam a marcat \u0219i anun\u021bul f\u0103cut de Toyota Motor Europe privind planul de a introduce un nou model \u00een linia sa local\u0103. Este vorba despre un SUV compact bazat pe o nou\u0103 variant\u0103 a platformei GA-B, cea care st\u0103 la baza noului Yaris. Denumirea noului SUV compact, volumul de produc\u0163ie \u0219i momentul introducerii pe pia\u0163\u0103 urmeaz\u0103 s\u0103 fie anun\u021bate la Salonul Auto de la Geneva, unde vor fi prezente \u0219i noul Yaris \u0219i RAV4 plug-in.<\/p>\n\n\n\n<p>sursa: promotor.ro<br><\/p>\n","protected":false},"excerpt":{"rendered":"<p>Toyota Rom\u00e2nia a anun\u021bat c\u0103 noile modele Yaris \u0219i RAV4 Plug-in Hybrid vor ajunge \u00een Rom\u00e2nia din aceast\u0103 var\u0103. Ambele<\/p>\n","protected":false},"author":1,"featured_media":60448,"comment_status":"closed","ping_status":"closed","sticky":false,"template":"","format":"standard","meta":{"spay_email":"","footnotes":"","jetpack_publicize_message":""},"categories":[12],"tags":[],"class_list":["post-60447","post","type-post","status-publish","format-standard","has-post-thumbnail","hentry","category-stiri-internationale"],"jetpack_featured_media_url":"https:\/\/i0.wp.com\/realitatearutiera.ro\/wp-content\/uploads\/2020\/02\/toyota-yaris-si-rav4-plugin-008-1024x768-1.jpg?fit=1170%2C600&ssl=1","jetpack_publicize_connections":[],"jetpack_sharing_enabled":true,"jetpack_shortlink":"https:\/\/wp.me\/p61naM-fIX","jetpack-related-posts":[],"_links":{"self":[{"href":"https:\/\/realitatearutiera.ro\/index.php?rest_route=\/wp\/v2\/posts\/60447","targetHints":{"allow":["GET"]}}],"collection":[{"href":"https:\/\/realitatearutiera.ro\/index.php?rest_route=\/wp\/v2\/posts"}],"about":[{"href":"https:\/\/realitatearutiera.ro\/index.php?rest_route=\/wp\/v2\/types\/post"}],"author":[{"embeddable":true,"href":"https:\/\/realitatearutiera.ro\/index.php?rest_route=\/wp\/v2\/users\/1"}],"replies":[{"embeddable":true,"href":"https:\/\/realitatearutiera.ro\/index.php?rest_route=%2Fwp%2Fv2%2Fcomments&post=60447"}],"version-history":[{"count":1,"href":"https:\/\/realitatearutiera.ro\/index.php?rest_route=\/wp\/v2\/posts\/60447\/revisions"}],"predecessor-version":[{"id":60449,"href":"https:\/\/realitatearutiera.ro\/index.php?rest_route=\/wp\/v2\/posts\/60447\/revisions\/60449"}],"wp:featuredmedia":[{"embeddable":true,"href":"https:\/\/realitatearutiera.ro\/index.php?rest_route=\/wp\/v2\/media\/60448"}],"wp:attachment":[{"href":"https:\/\/realitatearutiera.ro\/index.php?rest_route=%2Fwp%2Fv2%2Fmedia&parent=60447"}],"wp:term":[{"taxonomy":"category","embeddable":true,"href":"https:\/\/realitatearutiera.ro\/index.php?rest_route=%2Fwp%2Fv2%2Fcategories&post=60447"},{"taxonomy":"post_tag","embeddable":true,"href":"https:\/\/realitatearutiera.ro\/index.php?rest_route=%2Fwp%2Fv2%2Ftags&post=60447"}],"curies":[{"name":"wp","href":"https:\/\/api.w.org\/{rel}","templated":true}]}}