{"id":61568,"date":"2020-03-26T07:50:50","date_gmt":"2020-03-26T05:50:50","guid":{"rendered":"http:\/\/realitatearutiera.ro\/?p=61568"},"modified":"2020-03-26T07:50:53","modified_gmt":"2020-03-26T05:50:53","slug":"cum-se-desfasoara-traficul-in-aceasta-dimineata","status":"publish","type":"post","link":"https:\/\/realitatearutiera.ro\/?p=61568","title":{"rendered":"Cum se desf\u0103\u0219oar\u0103 traficul \u00een aceast\u0103 diminea\u021b\u0103"},"content":{"rendered":"\n<p><strong>Centrul INFOTRAFIC din Inspectoratul General al Poli\u021biei Rom\u00e2ne&nbsp;<\/strong>informeaz\u0103 c\u0103, la aceast\u0103 or\u0103, nu sunt semnalate efecte ale manifest\u0103rilor meteorologice Cod Galben \u0219i Cod Portocaliu asupra circula\u021biei rutiere, nefiind \u00eenregistrate nici accidente care s\u0103 impun\u0103 oprirea traficului pe drumurile na\u021bionale sau autostr\u0103zi.<\/p>\n\n\n\n<p>Semnal\u0103m c\u0103 pe majoritatea arterelor rutiere se circul\u0103 \u00een condi\u021biile unui carosabil uscat. \u00cen zona montan\u0103, v\u00e2ntul prezint\u0103 intensific\u0103ri puternice, spulber\u00e2nd z\u0103pada \u0219i determin\u00e2nd sc\u0103derea vizibilit\u0103\u0163ii.<\/p>\n\n\n\n<p>\u00cen jude\u021bul Constan\u021ba, din cauza v\u00e2ntului puternic, manevrele sunt oprite \u00een porturile Constan\u021ba Nord \u0219i Constan\u021ba Sud-Agigea.<\/p>\n\n\n\n<p>\u00cen perioada 24 martie \u2013 3 aprilie 2020, pe sensul c\u0103tre Bucure\u0219ti al autostr\u0103zii A1 Bucure\u0219ti \u2013 Pite\u0219ti, la kilometrul 115, localitatea Pite\u0219ti, jude\u021bul Arge\u0219, traficul rutier se restric\u021bioneaz\u0103 pe banda num\u0103rul doi \u0219i jum\u0103tate din prima band\u0103 pentru a permite efectuarea unor lucr\u0103ri de repara\u021bii la rosturile de dilata\u021bie ale podului. Circula\u021bia se desf\u0103\u0219oar\u0103 pe banda de urgen\u021b\u0103 \u0219i pe jum\u0103tate din prima band\u0103.<\/p>\n\n\n\n<p>Pe&nbsp; sensul c\u0103tre Sibiu al DN7 R\u00e2mnicu V\u00e2lcea \u2013 Sibiu, la kilometrul 238+120 de metri, \u00een afara localit\u0103\u021bii C\u00e2ineni, jude\u021bul V\u00e2lcea, din cauza surp\u0103rii suprafe\u021bei carosabile (pe o lungime de aproximativ 6 metri), se circul\u0103 pe un singur fir, dirijat prin semaforizare.<\/p>\n\n\n\n<p>Din cauza lucr\u0103rilor de asfaltare a carosabilului, pe sensul c\u0103tre Capital\u0103 al autostr\u0103zii A2 Bucure\u0219ti&nbsp; \u2013 Constan\u021ba, s-a \u00eenchis nodul rutier de la km 15, ie\u0219irea spre Cernica.&nbsp; Accesul c\u0103tre localit\u0103\u021bile Cernica \u0219i B\u0103l\u0103ceanca se va face prin DNCB.<\/p>\n\n\n\n<p>Pe tronsonul kilometric 27 \u2013 33, \u00eentre localit\u0103\u021bile Br\u0103ne\u0219ti, jude\u021bul Ilfov \u0219i Fundulea, jude\u021bul C\u0103l\u0103ra\u0219i, circula\u021bia rutier\u0103 este \u00eentrerupt\u0103 pe sensul c\u0103tre litoral al autostr\u0103zii A2 Bucure\u0219ti \u2013 Constan\u021ba. Din acest motiv, traficul rutier se desf\u0103\u0219oar\u0103 pe calea nr. 2 (sensul c\u0103tre Capital\u0103), pe c\u00e2te o band\u0103 pentru fiecare direc\u021bie.<\/p>\n\n\n\n<p><strong><em>\u00cen contextul aten\u021bion\u0103rilor meteorologice de v\u00e2nt, valabile p\u00e2n\u0103 vineri \u00een mare parte din \u021bar\u0103, recomand\u0103m conduc\u0103torilor auto care nu pot r\u0103m\u00e2ne acas\u0103 \u00een aceste zile s\u0103-\u015fi sporeasc\u0103 pruden\u0163a pe toat\u0103 durata deplas\u0103rii, dar mai ales la ie\u015firile din tronsoanele \u00eemp\u0103durite, la intr\u0103rile \u015fi ie\u015firile de pe poduri sau la \u00eencruci\u015f\u0103rile cu autovehiculele cu gabarit mare. Rafalele de v\u00e2nt laterale modific\u0103 \u0163inuta de drum a ma\u015finilor, cu at\u00e2t mai mult cu c\u00e2t viteza cu care se circul\u0103 este mai mare.<\/em><\/strong><\/p>\n","protected":false},"excerpt":{"rendered":"<p>Centrul INFOTRAFIC din Inspectoratul General al Poli\u021biei Rom\u00e2ne&nbsp;informeaz\u0103 c\u0103, la aceast\u0103 or\u0103, nu sunt semnalate efecte ale manifest\u0103rilor meteorologice Cod<\/p>\n","protected":false},"author":1,"featured_media":27311,"comment_status":"closed","ping_status":"closed","sticky":false,"template":"","format":"standard","meta":{"spay_email":"","footnotes":"","jetpack_publicize_message":""},"categories":[54],"tags":[],"class_list":["post-61568","post","type-post","status-publish","format-standard","has-post-thumbnail","hentry","category-informatii-rutiere"],"jetpack_featured_media_url":"https:\/\/i2.wp.com\/realitatearutiera.ro\/wp-content\/uploads\/2017\/09\/infotrafic.jpg?fit=630%2C365&ssl=1","jetpack_publicize_connections":[],"jetpack_sharing_enabled":true,"jetpack_shortlink":"https:\/\/wp.me\/p61naM-g12","jetpack-related-posts":[],"_links":{"self":[{"href":"https:\/\/realitatearutiera.ro\/index.php?rest_route=\/wp\/v2\/posts\/61568","targetHints":{"allow":["GET"]}}],"collection":[{"href":"https:\/\/realitatearutiera.ro\/index.php?rest_route=\/wp\/v2\/posts"}],"about":[{"href":"https:\/\/realitatearutiera.ro\/index.php?rest_route=\/wp\/v2\/types\/post"}],"author":[{"embeddable":true,"href":"https:\/\/realitatearutiera.ro\/index.php?rest_route=\/wp\/v2\/users\/1"}],"replies":[{"embeddable":true,"href":"https:\/\/realitatearutiera.ro\/index.php?rest_route=%2Fwp%2Fv2%2Fcomments&post=61568"}],"version-history":[{"count":1,"href":"https:\/\/realitatearutiera.ro\/index.php?rest_route=\/wp\/v2\/posts\/61568\/revisions"}],"predecessor-version":[{"id":61569,"href":"https:\/\/realitatearutiera.ro\/index.php?rest_route=\/wp\/v2\/posts\/61568\/revisions\/61569"}],"wp:featuredmedia":[{"embeddable":true,"href":"https:\/\/realitatearutiera.ro\/index.php?rest_route=\/wp\/v2\/media\/27311"}],"wp:attachment":[{"href":"https:\/\/realitatearutiera.ro\/index.php?rest_route=%2Fwp%2Fv2%2Fmedia&parent=61568"}],"wp:term":[{"taxonomy":"category","embeddable":true,"href":"https:\/\/realitatearutiera.ro\/index.php?rest_route=%2Fwp%2Fv2%2Fcategories&post=61568"},{"taxonomy":"post_tag","embeddable":true,"href":"https:\/\/realitatearutiera.ro\/index.php?rest_route=%2Fwp%2Fv2%2Ftags&post=61568"}],"curies":[{"name":"wp","href":"https:\/\/api.w.org\/{rel}","templated":true}]}}