{"id":6189,"date":"2015-12-22T11:22:17","date_gmt":"2015-12-22T08:22:17","guid":{"rendered":"http:\/\/realitatearutiera.ro\/?p=6189"},"modified":"2015-12-22T11:22:17","modified_gmt":"2015-12-22T08:22:17","slug":"vicepresedintele-consiliului-judetean-neamt-a-provocat-un-accident-rutier-mortal","status":"publish","type":"post","link":"https:\/\/realitatearutiera.ro\/?p=6189","title":{"rendered":"Vicepresedintele Consiliului Judetean Neamt , a provocat un ACCIDENT RUTIER MORTAL !!!"},"content":{"rendered":"<p>Dan Manoliu, vicepresedintele Consiliului Judetean Neamt, a fost implicat ieri, \u00een jurul orei 9, \u00eentr-un grav accident de circulatie, petrecut pe soseaua dintre Roman si Piatra Neamt, DN 15D, acesta spulber\u00eend un biciclist. Oficialul a sc\u0103pat f\u0103r\u0103 leziuni grave, cu toate c\u0103, \u00een urma impactului, a iesit \u00een decor, \u00een timp ce b\u0103rbatul de 58 de ani peste care a dat cu masina s-a stins la spital.<\/p>\n<p>Conform primelor cercet\u0103ri, s-ar p\u0103rea c\u0103 lui Dan Manoliu i s-ar fi f\u0103cut r\u0103u la volan, acesta pierz\u00eendu-si pentru o fractiune de secund\u0103 constienta si intr\u00eend pe contrasens. Vicele CJ se deplasa spre serviciu cu un Volkswagen Passat, proprietatea Consiliului Judetean. Ajuns \u00een zona satului Baratca, Manoliu a pierdut controlul asupra directiei, iar autoturismul a p\u0103truns pe contrasens unde a acrosat un localnic care se deplasa pe l\u00eeng\u0103 biciclet\u0103. Dup\u0103 impact, masina si-a continuat deplasarea, a intrat \u00een curtea unei locuinte si s-a oprit \u00eentr-o f\u00eent\u00een\u0103.<\/p>\n<p>Desi autoturismul a fost serios avariat, conduc\u0103torul auto nu a suferit leziuni grave. \u00cen schimb, victima a fost grav r\u0103nit\u0103. Biciclistul a fost preluat de o ambulant\u0103 si transportat la spital, unde s-a stins \u00een jurul orei 11, desi medicii au \u00eencercat s\u0103-l resusciteze mai bine de dou\u0103 ore.<\/p>\n<p>Sursa : mont.tv<\/p>\n","protected":false},"excerpt":{"rendered":"<p>Dan Manoliu, vicepresedintele Consiliului Judetean Neamt, a fost implicat ieri, \u00een jurul orei 9, \u00eentr-un grav accident de circulatie, petrecut<\/p>\n","protected":false},"author":1,"featured_media":6190,"comment_status":"open","ping_status":"open","sticky":false,"template":"","format":"standard","meta":{"spay_email":"","footnotes":"","jetpack_publicize_message":""},"categories":[1],"tags":[],"class_list":["post-6189","post","type-post","status-publish","format-standard","has-post-thumbnail","hentry","category-uncategorized"],"jetpack_featured_media_url":"https:\/\/i1.wp.com\/realitatearutiera.ro\/wp-content\/uploads\/2015\/12\/bicicleta-accident.jpg?fit=640%2C400&ssl=1","jetpack_publicize_connections":[],"jetpack_sharing_enabled":true,"jetpack_shortlink":"https:\/\/wp.me\/p61naM-1BP","jetpack-related-posts":[],"_links":{"self":[{"href":"https:\/\/realitatearutiera.ro\/index.php?rest_route=\/wp\/v2\/posts\/6189","targetHints":{"allow":["GET"]}}],"collection":[{"href":"https:\/\/realitatearutiera.ro\/index.php?rest_route=\/wp\/v2\/posts"}],"about":[{"href":"https:\/\/realitatearutiera.ro\/index.php?rest_route=\/wp\/v2\/types\/post"}],"author":[{"embeddable":true,"href":"https:\/\/realitatearutiera.ro\/index.php?rest_route=\/wp\/v2\/users\/1"}],"replies":[{"embeddable":true,"href":"https:\/\/realitatearutiera.ro\/index.php?rest_route=%2Fwp%2Fv2%2Fcomments&post=6189"}],"version-history":[{"count":1,"href":"https:\/\/realitatearutiera.ro\/index.php?rest_route=\/wp\/v2\/posts\/6189\/revisions"}],"predecessor-version":[{"id":6191,"href":"https:\/\/realitatearutiera.ro\/index.php?rest_route=\/wp\/v2\/posts\/6189\/revisions\/6191"}],"wp:featuredmedia":[{"embeddable":true,"href":"https:\/\/realitatearutiera.ro\/index.php?rest_route=\/wp\/v2\/media\/6190"}],"wp:attachment":[{"href":"https:\/\/realitatearutiera.ro\/index.php?rest_route=%2Fwp%2Fv2%2Fmedia&parent=6189"}],"wp:term":[{"taxonomy":"category","embeddable":true,"href":"https:\/\/realitatearutiera.ro\/index.php?rest_route=%2Fwp%2Fv2%2Fcategories&post=6189"},{"taxonomy":"post_tag","embeddable":true,"href":"https:\/\/realitatearutiera.ro\/index.php?rest_route=%2Fwp%2Fv2%2Ftags&post=6189"}],"curies":[{"name":"wp","href":"https:\/\/api.w.org\/{rel}","templated":true}]}}