{"id":6192,"date":"2015-12-22T11:40:05","date_gmt":"2015-12-22T08:40:05","guid":{"rendered":"http:\/\/realitatearutiera.ro\/?p=6192"},"modified":"2015-12-22T11:40:05","modified_gmt":"2015-12-22T08:40:05","slug":"a-crescut-numarul-persoanelor-care-au-decedat-in-urma-incediului-din-colectiv","status":"publish","type":"post","link":"https:\/\/realitatearutiera.ro\/?p=6192","title":{"rendered":"A crescut numarul persoanelor care au DECEDAT in urma incediului din COLECTIV  !!!"},"content":{"rendered":"<p><strong><span style=\"font-family: Arial; font-size: small;\">Bilan\u0163ul victimelor incendiului din Colectiv a ajuns la 63 de mor\u0163i \u015fi sute de r\u0103ni\u0163i. Printre cei care \u015fi-au pierdut via\u0163a \u00een urma tragediei se num\u0103r\u0103 arti\u015fti, fotografi, jurnali\u015fti, olimpici \u015fi studen\u0163i str\u0103ini.<\/span><\/strong><\/p>\n<p><strong>Cristian Mitroi, cea de a 63-a victim\u0103\u00a0<\/strong><strong>care \u015fi-a pierdut via\u0163a \u00een urma incendiului din Colectiv<\/strong><\/p>\n<p>Cristian Mitroi avea 30 de ani \u015fi era\u00a0artist grafic.<\/p>\n<div id=\"zc_site_640x160_adtext\" class=\"zc_640x160_adtext zc_640x160_adtext_full zc_640x160_adtext_w300 zc_640x160_adtext_h250 zc_640x160_adtext_300x250 zc_full zc_w300 zc_h250 zc_300x250 zc_site_640x160_adtext_full zc_site_640x160_adtext_w300 zc_site_640x160_adtext_h250 zc_site_640x160_adtext_300x250 \">\n<div id=\"z_site_640x160_adtext\" class=\"z_640x160_adtext z_640x160_adtext_full z_640x160_adtext_w300 z_640x160_adtext_h250 z_640x160_adtext_300x250 z_full z_w300 z_h250 z_300x250 z_site_640x160_adtext_full z_site_640x160_adtext_w300 z_site_640x160_adtext_h250 z_site_640x160_adtext_300x250 \"><ins class=\"adsbygoogle\" data-adsbygoogle-status=\"done\" data-ad-slot=\"3934184287\" data-ad-client=\"ca-pub-3570573235027816\"><ins id=\"aswift_0_expand\"><ins id=\"aswift_0_anchor\"><\/ins><\/ins><\/ins><\/div>\n<\/div>\n<p>&nbsp;<\/p>\n","protected":false},"excerpt":{"rendered":"<p>Bilan\u0163ul victimelor incendiului din Colectiv a ajuns la 63 de mor\u0163i \u015fi sute de r\u0103ni\u0163i. Printre cei care \u015fi-au pierdut<\/p>\n","protected":false},"author":1,"featured_media":5494,"comment_status":"open","ping_status":"open","sticky":false,"template":"","format":"standard","meta":{"spay_email":"","footnotes":"","jetpack_publicize_message":""},"categories":[1],"tags":[],"class_list":["post-6192","post","type-post","status-publish","format-standard","has-post-thumbnail","hentry","category-uncategorized"],"jetpack_featured_media_url":"https:\/\/i2.wp.com\/realitatearutiera.ro\/wp-content\/uploads\/2015\/11\/colectivvv.jpg?fit=225%2C225&ssl=1","jetpack_publicize_connections":[],"jetpack_sharing_enabled":true,"jetpack_shortlink":"https:\/\/wp.me\/p61naM-1BS","jetpack-related-posts":[],"_links":{"self":[{"href":"https:\/\/realitatearutiera.ro\/index.php?rest_route=\/wp\/v2\/posts\/6192","targetHints":{"allow":["GET"]}}],"collection":[{"href":"https:\/\/realitatearutiera.ro\/index.php?rest_route=\/wp\/v2\/posts"}],"about":[{"href":"https:\/\/realitatearutiera.ro\/index.php?rest_route=\/wp\/v2\/types\/post"}],"author":[{"embeddable":true,"href":"https:\/\/realitatearutiera.ro\/index.php?rest_route=\/wp\/v2\/users\/1"}],"replies":[{"embeddable":true,"href":"https:\/\/realitatearutiera.ro\/index.php?rest_route=%2Fwp%2Fv2%2Fcomments&post=6192"}],"version-history":[{"count":1,"href":"https:\/\/realitatearutiera.ro\/index.php?rest_route=\/wp\/v2\/posts\/6192\/revisions"}],"predecessor-version":[{"id":6193,"href":"https:\/\/realitatearutiera.ro\/index.php?rest_route=\/wp\/v2\/posts\/6192\/revisions\/6193"}],"wp:featuredmedia":[{"embeddable":true,"href":"https:\/\/realitatearutiera.ro\/index.php?rest_route=\/wp\/v2\/media\/5494"}],"wp:attachment":[{"href":"https:\/\/realitatearutiera.ro\/index.php?rest_route=%2Fwp%2Fv2%2Fmedia&parent=6192"}],"wp:term":[{"taxonomy":"category","embeddable":true,"href":"https:\/\/realitatearutiera.ro\/index.php?rest_route=%2Fwp%2Fv2%2Fcategories&post=6192"},{"taxonomy":"post_tag","embeddable":true,"href":"https:\/\/realitatearutiera.ro\/index.php?rest_route=%2Fwp%2Fv2%2Ftags&post=6192"}],"curies":[{"name":"wp","href":"https:\/\/api.w.org\/{rel}","templated":true}]}}