{"id":6194,"date":"2015-12-22T11:41:56","date_gmt":"2015-12-22T08:41:56","guid":{"rendered":"http:\/\/realitatearutiera.ro\/?p=6194"},"modified":"2015-12-22T11:41:56","modified_gmt":"2015-12-22T08:41:56","slug":"accident-rutier-grav-in-sibiu-3-persoane-au-decedat-si-3-sunt-in-stare-critica","status":"publish","type":"post","link":"https:\/\/realitatearutiera.ro\/?p=6194","title":{"rendered":"Accident rutier GRAV in Sibiu &#8211; 3 persoane au DECEDAT si 3 sunt in STARE CRITICA !!"},"content":{"rendered":"<p><strong><span style=\"font-family: Arial; font-size: small;\">Trei persoane au murit \u015fi alte trei au fost r\u0103nite grav, \u00een noaptea de luni spre mar\u0163i, \u00een urma unui accident produs pe DN 1, \u00een jude\u0163ul Sibiu, dup\u0103 ce un TIR condus de un \u015fofer b\u0103ut a lovit un microbuz, traficul \u00een zon\u0103 fiind blocat mai mult de cinci ore.<\/span><\/strong><\/p>\n<p>Purt\u0103torul de cuv\u00e2nt al Poli\u0163iei Jude\u0163ene Sibiu, Luciana Balte\u015f, a declarat corespondentului MEDIAFAX c\u0103 accidentul a avut loc pe DN 1, \u00een localitatea sibian\u0103 Apoldu de Sus.<\/p>\n<p>\u201dA fost o coliziune \u00eentre un TIR \u015fi un microbuz. Accidentul s-a produs din cauza \u015foferului de TIR care, \u00een stare de ebrietate fiind, \u00eentr-o curb\u0103 a intrat pe contrasens \u015fi a lovit un microbuz \u00een care se aflau cinci persoane\u201d, a spus Luciana Balte\u015f.<\/p>\n<p>\u00cen urma impactului, doi b\u0103rba\u0163i \u015fi o femeie au murit, iar alte trei persoane &#8211; dou\u0103 femei \u015fi un b\u0103rbat &#8211; au suferit politraumatisme.<\/p>\n<p>Sursa : mediafax<\/p>\n","protected":false},"excerpt":{"rendered":"<p>Trei persoane au murit \u015fi alte trei au fost r\u0103nite grav, \u00een noaptea de luni spre mar\u0163i, \u00een urma unui<\/p>\n","protected":false},"author":1,"featured_media":5990,"comment_status":"open","ping_status":"open","sticky":false,"template":"","format":"standard","meta":{"spay_email":"","footnotes":"","jetpack_publicize_message":""},"categories":[1],"tags":[],"class_list":["post-6194","post","type-post","status-publish","format-standard","has-post-thumbnail","hentry","category-uncategorized"],"jetpack_featured_media_url":"https:\/\/i2.wp.com\/realitatearutiera.ro\/wp-content\/uploads\/2015\/12\/accident11.jpg?fit=620%2C348&ssl=1","jetpack_publicize_connections":[],"jetpack_sharing_enabled":true,"jetpack_shortlink":"https:\/\/wp.me\/p61naM-1BU","jetpack-related-posts":[],"_links":{"self":[{"href":"https:\/\/realitatearutiera.ro\/index.php?rest_route=\/wp\/v2\/posts\/6194","targetHints":{"allow":["GET"]}}],"collection":[{"href":"https:\/\/realitatearutiera.ro\/index.php?rest_route=\/wp\/v2\/posts"}],"about":[{"href":"https:\/\/realitatearutiera.ro\/index.php?rest_route=\/wp\/v2\/types\/post"}],"author":[{"embeddable":true,"href":"https:\/\/realitatearutiera.ro\/index.php?rest_route=\/wp\/v2\/users\/1"}],"replies":[{"embeddable":true,"href":"https:\/\/realitatearutiera.ro\/index.php?rest_route=%2Fwp%2Fv2%2Fcomments&post=6194"}],"version-history":[{"count":1,"href":"https:\/\/realitatearutiera.ro\/index.php?rest_route=\/wp\/v2\/posts\/6194\/revisions"}],"predecessor-version":[{"id":6195,"href":"https:\/\/realitatearutiera.ro\/index.php?rest_route=\/wp\/v2\/posts\/6194\/revisions\/6195"}],"wp:featuredmedia":[{"embeddable":true,"href":"https:\/\/realitatearutiera.ro\/index.php?rest_route=\/wp\/v2\/media\/5990"}],"wp:attachment":[{"href":"https:\/\/realitatearutiera.ro\/index.php?rest_route=%2Fwp%2Fv2%2Fmedia&parent=6194"}],"wp:term":[{"taxonomy":"category","embeddable":true,"href":"https:\/\/realitatearutiera.ro\/index.php?rest_route=%2Fwp%2Fv2%2Fcategories&post=6194"},{"taxonomy":"post_tag","embeddable":true,"href":"https:\/\/realitatearutiera.ro\/index.php?rest_route=%2Fwp%2Fv2%2Ftags&post=6194"}],"curies":[{"name":"wp","href":"https:\/\/api.w.org\/{rel}","templated":true}]}}