{"id":62055,"date":"2020-04-06T09:27:17","date_gmt":"2020-04-06T06:27:17","guid":{"rendered":"http:\/\/realitatearutiera.ro\/?p=62055"},"modified":"2020-04-06T09:27:20","modified_gmt":"2020-04-06T06:27:20","slug":"una-dintre-cele-mai-afectate-tari-de-coronavirus-a-anuntat-reluarea-activitatilor-economice-cu-risc-redus","status":"publish","type":"post","link":"https:\/\/realitatearutiera.ro\/?p=62055","title":{"rendered":"Una dintre cele mai afectate \u021b\u0103ri de coronavirus a anun\u021bat reluarea activit\u0103\u021bilor economice cu risc redus"},"content":{"rendered":"\n<p><strong>Autorit\u0103\u0163ile iraniene au anun\u0163at reluarea activit\u0103\u0163ilor economice cu risc redus, \u00eencep\u00e2nd cu data de 11 aprilie, scrie Mediafax.&nbsp;Iranul este cea mai afectat\u0103 \u0163ar\u0103 din zona Orientului Mijlociu de epidemia de coronavirus, cu un bilan\u0163 de 55.743 \u00eemboln\u0103viri \u015fi 3.452 decese.<\/strong><\/p>\n\n\n\n<p>Pre\u015fedintele Iranului, Hassan Rouhani, a declarat c\u0103 restric\u0163iile vor \u00eencepe s\u0103 fie ridicate gradual.<\/p>\n\n\n\n<p>&#8220;Sub stricta supraveghere a ministerului s\u0103n\u0103t\u0103\u0163ii toate activit\u0103\u0163ile economice cu risc redus vor fi reluate&#8221;, a spus Rouhani.<\/p>\n\n\n\n<p>Acesta a ad\u0103ugat c\u0103 restul restric\u0163iilor ar putea fi ridicate pe 18 aprilie, o s\u0103pt\u0103m\u00e2n\u0103 mai t\u00e2rziu.<\/p>\n","protected":false},"excerpt":{"rendered":"<p>Autorit\u0103\u0163ile iraniene au anun\u0163at reluarea activit\u0103\u0163ilor economice cu risc redus, \u00eencep\u00e2nd cu data de 11 aprilie, scrie Mediafax.&nbsp;Iranul este cea<\/p>\n","protected":false},"author":1,"featured_media":61051,"comment_status":"closed","ping_status":"closed","sticky":false,"template":"","format":"standard","meta":{"spay_email":"","footnotes":"","jetpack_publicize_message":""},"categories":[12],"tags":[],"class_list":["post-62055","post","type-post","status-publish","format-standard","has-post-thumbnail","hentry","category-stiri-internationale"],"jetpack_featured_media_url":"https:\/\/i2.wp.com\/realitatearutiera.ro\/wp-content\/uploads\/2020\/03\/3.jpg?fit=580%2C387&ssl=1","jetpack_publicize_connections":[],"jetpack_sharing_enabled":true,"jetpack_shortlink":"https:\/\/wp.me\/p61naM-g8T","jetpack-related-posts":[],"_links":{"self":[{"href":"https:\/\/realitatearutiera.ro\/index.php?rest_route=\/wp\/v2\/posts\/62055","targetHints":{"allow":["GET"]}}],"collection":[{"href":"https:\/\/realitatearutiera.ro\/index.php?rest_route=\/wp\/v2\/posts"}],"about":[{"href":"https:\/\/realitatearutiera.ro\/index.php?rest_route=\/wp\/v2\/types\/post"}],"author":[{"embeddable":true,"href":"https:\/\/realitatearutiera.ro\/index.php?rest_route=\/wp\/v2\/users\/1"}],"replies":[{"embeddable":true,"href":"https:\/\/realitatearutiera.ro\/index.php?rest_route=%2Fwp%2Fv2%2Fcomments&post=62055"}],"version-history":[{"count":1,"href":"https:\/\/realitatearutiera.ro\/index.php?rest_route=\/wp\/v2\/posts\/62055\/revisions"}],"predecessor-version":[{"id":62056,"href":"https:\/\/realitatearutiera.ro\/index.php?rest_route=\/wp\/v2\/posts\/62055\/revisions\/62056"}],"wp:featuredmedia":[{"embeddable":true,"href":"https:\/\/realitatearutiera.ro\/index.php?rest_route=\/wp\/v2\/media\/61051"}],"wp:attachment":[{"href":"https:\/\/realitatearutiera.ro\/index.php?rest_route=%2Fwp%2Fv2%2Fmedia&parent=62055"}],"wp:term":[{"taxonomy":"category","embeddable":true,"href":"https:\/\/realitatearutiera.ro\/index.php?rest_route=%2Fwp%2Fv2%2Fcategories&post=62055"},{"taxonomy":"post_tag","embeddable":true,"href":"https:\/\/realitatearutiera.ro\/index.php?rest_route=%2Fwp%2Fv2%2Ftags&post=62055"}],"curies":[{"name":"wp","href":"https:\/\/api.w.org\/{rel}","templated":true}]}}