{"id":62284,"date":"2020-04-10T07:42:36","date_gmt":"2020-04-10T04:42:36","guid":{"rendered":"http:\/\/realitatearutiera.ro\/?p=62284"},"modified":"2020-04-10T07:42:39","modified_gmt":"2020-04-10T04:42:39","slug":"cum-va-influenta-venirea-verii-numarul-de-infectii-cu-coronavirus","status":"publish","type":"post","link":"https:\/\/realitatearutiera.ro\/?p=62284","title":{"rendered":"Cum va influen\u0163a venirea verii num\u0103rul de infec\u0163ii cu coronavirus?"},"content":{"rendered":"\n<p>Ideea conform c\u0103reia vremea cald\u0103 ar putea opri r\u0103sp\u00e2ndirea coronavirusului pare s\u0103 fi p\u0103lit, de vreme ce num\u0103rul de infec\u0163ii continu\u0103 s\u0103 creasc\u0103 pe \u00eentreg teritoriul planetei. \u00cens\u0103 c\u00e2teva studii efectuate recent pot oferi o nou\u0103 urm\u0103 de speran\u0163\u0103, scrie BBC.<\/p>\n\n\n\n<p>&nbsp;Este mult prea devreme s\u0103 \u015ftim cu siguran\u0163\u0103 dac\u0103 noul coronavirus este sezonier sau nu. Pentru a ne face o idee mai clar\u0103, va trebui s\u0103 urm\u0103rim cum se va schimba num\u0103rul de cazuri de-a lungul anului.<\/p>\n\n\n\n<p>\u00cens\u0103 modul \u00een care s-a r\u0103sp\u00e2ndit \u00een diferite zone climatice poate oferi indicii \u00een contextul actual.<\/p>\n\n\n\n<p>Exist\u0103 dovezi conform c\u0103rora cazurile de coronavirus s-au r\u0103sp\u00e2ndit mai rapid \u00een zone reci \u015fi uscate.<\/p>\n\n\n\n<p>Un studiu indic\u0103 faptul c\u0103 \u0163\u0103rile cele mai afectate de COVID-19 \u2013 cele \u00een care virusul s-a r\u0103sp\u00e2ndit \u00een mare parte din cauza num\u0103rului mare de cazuri asimptomatice \u2013 au avut pe 10 martie temperaturi mai mici dec\u00e2t \u0163\u0103rile \u00een care s-au \u00eenregistrat mai pu\u0163ine cazuri.<\/p>\n\n\n\n<p>Un alt studiu s-a concentrat asupra unui num\u0103r de 100 de ora\u015fe din China care au num\u0103r peste 40 de cazuri de COVID-19, concluzia fiind c\u0103 rata de transmitere a fost mai mic\u0103 \u00een zonele c\u0103lduroase \u015fi cu umiditate ridicat\u0103.<\/p>\n\n\n\n<p>Un al treilea studiu, care \u00eenc\u0103 nu a fost evaluat \u00een totalitate, sugereaz\u0103 c\u0103, de\u015fi cazurile cu coronavirus sunt \u00eent\u00e2lnite pe \u00eentreg teritoriul planetei, cele mai mari focare au fost \u00eent\u00e2lnite \u00een \u201ezone relativ reci \u015fi uscate\u201d \u2013 cel pu\u0163in p\u00e2n\u0103 pe 23 martie.<\/p>\n\n\n\n<p>\u00cens\u0103, un grup de cercet\u0103tori din cadrul \u015ecolii de Igien\u0103 \u015fi Medicin\u0103 Tropical\u0103 din Londra arat\u0103 c\u0103 virusul s-a r\u0103sp\u00e2ndit \u00een toate regiunile Organiza\u0163iei Mondiale a S\u0103n\u0103t\u0103\u0163ii, \u201ecuprinz\u00e2nd efectiv toate zonele climatice, de la regiuni reci \u015fi uscate la zone c\u0103lduroase \u015fi umede\u201d.<\/p>\n\n\n\n<p><strong>Diferen\u0163a dinte emisfere<\/strong><\/p>\n\n\n\n<p>Exist\u0103 un tipar sezonier \u00een ceea ce prive\u015fte al\u0163i viru\u015fi, cum ar fi gripa, \u00een emisferele de nord \u015fi de sud. \u00cens\u0103 regiunile tropicale, aflate aproape de ecuator, nu intr\u0103 \u00een aceea\u015fi categorie.<\/p>\n\n\n\n<p>Unele regiuni c\u0103lduroase \u015fi umede \u00een care s-au \u00eenregistrat cazuri de COVID-19, cum ar fi Malaezia sau Republica Democrat\u0103 Congo, sunt aproape de ecuator \u015fi nu pot oferi dovezi fiabile pentru ce se va \u00eent\u00e2mpla \u00een alte zone ale planetei.<\/p>\n\n\n\n<p>\u00cens\u0103 dac\u0103 lu\u0103m \u00een calcul emisfera sudic\u0103, Australia \u015fi Noua Zeeland\u0103 \u2013 aflate la finalul perioadei de var\u0103 c\u00e2nd au fost raportate primele persoane infectate \u2013 au avut mult mai pu\u0163ine cazuri dec\u00e2t \u0163\u0103rile din emisfera nordic\u0103.<\/p>\n\n\n\n<p>De vreme ce COVID-19 s-a r\u0103sp\u00e2ndit \u00een mod constant de-a lungul planetei \u00een momentul \u00een care anotimpurile au \u00eenceput s\u0103 se schimbe, este dificil de identificat efectele pe care le exercit\u0103 virusul.<\/p>\n\n\n\n<p><strong>Cum influen\u0163eaz\u0103 clima al\u0163i coronaviru\u015fi?<\/strong><\/p>\n\n\n\n<p>Exist\u0103 dovezi care spun c\u0103, \u00een mare parte, coronaviru\u015fii circul\u0103 \u00een timpul lunilor de iarn\u0103, potrivit unei echipe formate din cercet\u0103tori din cadrul Colegiului Universitar din Londra \u015fi \u015ecolii de Igien\u0103 \u015fi Medicin\u0103 Tropical\u0103.<\/p>\n\n\n\n<p>Cercet\u0103torii au observat c\u0103 num\u0103rul de cazuri a atins punctul maxim \u00een timpul perioadei de iarn\u0103, \u00een acela\u015fi timp c\u00e2nd \u00eencepe sezonul gripal. Prin compara\u0163ie, s-au \u00eenregistrat mult mai pu\u0163ine cazuri \u00een timpul verii.<\/p>\n\n\n\n<p>Totu\u015fi, Sars-Cov-2 este un virus cu totul nou, a\u015fa c\u0103 nu se poate \u015fti cu exactitate cum se va comporta pe timp de var\u0103.<\/p>\n\n\n\n<p>Sursa:zf<\/p>\n","protected":false},"excerpt":{"rendered":"<p>Ideea conform c\u0103reia vremea cald\u0103 ar putea opri r\u0103sp\u00e2ndirea coronavirusului pare s\u0103 fi p\u0103lit, de vreme ce num\u0103rul de infec\u0163ii<\/p>\n","protected":false},"author":1,"featured_media":62285,"comment_status":"closed","ping_status":"closed","sticky":false,"template":"","format":"standard","meta":{"spay_email":"","footnotes":"","jetpack_publicize_message":""},"categories":[6],"tags":[],"class_list":["post-62284","post","type-post","status-publish","format-standard","has-post-thumbnail","hentry","category-social"],"jetpack_featured_media_url":"https:\/\/i2.wp.com\/realitatearutiera.ro\/wp-content\/uploads\/2020\/04\/a516606bc9f735f1a5269d2cd887c962-1063x560-00-86.jpg?fit=1063%2C560&ssl=1","jetpack_publicize_connections":[],"jetpack_sharing_enabled":true,"jetpack_shortlink":"https:\/\/wp.me\/p61naM-gcA","jetpack-related-posts":[],"_links":{"self":[{"href":"https:\/\/realitatearutiera.ro\/index.php?rest_route=\/wp\/v2\/posts\/62284","targetHints":{"allow":["GET"]}}],"collection":[{"href":"https:\/\/realitatearutiera.ro\/index.php?rest_route=\/wp\/v2\/posts"}],"about":[{"href":"https:\/\/realitatearutiera.ro\/index.php?rest_route=\/wp\/v2\/types\/post"}],"author":[{"embeddable":true,"href":"https:\/\/realitatearutiera.ro\/index.php?rest_route=\/wp\/v2\/users\/1"}],"replies":[{"embeddable":true,"href":"https:\/\/realitatearutiera.ro\/index.php?rest_route=%2Fwp%2Fv2%2Fcomments&post=62284"}],"version-history":[{"count":1,"href":"https:\/\/realitatearutiera.ro\/index.php?rest_route=\/wp\/v2\/posts\/62284\/revisions"}],"predecessor-version":[{"id":62286,"href":"https:\/\/realitatearutiera.ro\/index.php?rest_route=\/wp\/v2\/posts\/62284\/revisions\/62286"}],"wp:featuredmedia":[{"embeddable":true,"href":"https:\/\/realitatearutiera.ro\/index.php?rest_route=\/wp\/v2\/media\/62285"}],"wp:attachment":[{"href":"https:\/\/realitatearutiera.ro\/index.php?rest_route=%2Fwp%2Fv2%2Fmedia&parent=62284"}],"wp:term":[{"taxonomy":"category","embeddable":true,"href":"https:\/\/realitatearutiera.ro\/index.php?rest_route=%2Fwp%2Fv2%2Fcategories&post=62284"},{"taxonomy":"post_tag","embeddable":true,"href":"https:\/\/realitatearutiera.ro\/index.php?rest_route=%2Fwp%2Fv2%2Ftags&post=62284"}],"curies":[{"name":"wp","href":"https:\/\/api.w.org\/{rel}","templated":true}]}}