{"id":63569,"date":"2020-05-11T11:33:38","date_gmt":"2020-05-11T08:33:38","guid":{"rendered":"http:\/\/realitatearutiera.ro\/?p=63569"},"modified":"2020-05-11T11:33:41","modified_gmt":"2020-05-11T08:33:41","slug":"cum-ar-trebui-sa-arate-clasele-elevilor-pornind-de-la-actuala-pandemie-de-coronavirus-ghidul-academiei-americane-de-pediatrie","status":"publish","type":"post","link":"https:\/\/realitatearutiera.ro\/?p=63569","title":{"rendered":"Cum ar trebui s\u0103 arate clasele elevilor pornind de la actuala pandemie de coronavirus? Ghidul Academiei Americane de Pediatrie"},"content":{"rendered":"\n<p>Academia American\u0103 pentru Pediatrie a elaborat un ghid cu recomand\u0103ri pentru institu\u0163iile de \u00eenv\u0103\u0163\u0103m\u00e2nt de peste Ocean. Cuvintele cheie \u2013 distan\u0163are social\u0103 la orice pas, scrie cnn.com.<\/p>\n\n\n\n<p>Testul temperaturii va fi primul extemporal pe care elevii \u00eel vor avea de trecut zilnic. \u00cen fiecare diminea\u0163\u0103, p\u0103rin\u0163ii sau reprezentan\u0163ii \u015fcolii trebuie s\u0103 verifice temperatura elevilor. Se recomand\u0103 chiar testarea periodic\u0103 pentru coronavirus.<\/p>\n\n\n\n<p>\u00cen ceea ce prive\u015fte m\u0103surile de igien\u0103, copii vor fi ruga\u0163i s\u0103 se spele pe m\u00e2ini \u00eenainte de a intra la ore, \u00eenainte de a lua masa de pr\u00e2nz \u015fi dup\u0103 fiecare or\u0103. De asemenea, \u015fcolile vor trebui dezinfectate temeinic \u00een fiecare sear\u0103.<\/p>\n\n\n\n<p>Def\u0103\u015furarea orelor nu va mai fi nici ea la fel. O clas\u0103 trebuie s\u0103 aib\u0103 un num\u0103r mai mic de elevi. Orele nu pot \u00eencepe \u00een acela\u015fi timp pentru clase diferite, copii nu mai pot fi muta\u0163i dintr-o banc\u0103 \u00een alta \u015fi, pe c\u00e2t posibil, trebuie s\u0103 r\u0103m\u00e2n\u0103 \u00een aceea\u015fi clas\u0103. Ceea ce \u00eeneamn\u0103 c\u0103 orele \u00een laboratoarele de chimie sau fizic\u0103, de exemplu, vor fi limitate. Bibliotecile vor trebui \u015fi ele s\u0103 devin\u0103 un spa\u0163iu virtual, iar s\u0103lile de lectur\u0103 ar putea fi \u00eenchise.<\/p>\n\n\n\n<p>Recrea\u0163iile \u00een care elevii se jucau \u00eempreun\u0103 ar putea deveni \u015fi ele istorie. Speciali\u015ftii americani propun ca pauzele s\u0103 fie programate la intervale diferite, pentru a limita num\u0103rul de elevi care se adun\u0103 \u00een curtea \u015fcolii. Este propus\u0103 chiar desfiin\u0163area locurilor de recreere comun\u0103, pr\u00e2nzul se va lua \u00een sala de clas\u0103 sau la cantin\u0103, dac\u0103 se poate asigura distan\u0163area social\u0103, potrivit&nbsp;<a href=\"http:\/\/mediafax.ro\/\" rel=\"noreferrer noopener\" target=\"_blank\">Mediafax<\/a>.<\/p>\n\n\n\n<p>Pentru desf\u0103\u015furarea orelor de sport, este recomandat\u0103 limitarea disciplinelor sportive care presupun un contact fizic direct \u00eentre elevi. Dezinfectarea aparatelor de pe terenul sau din sala de sport ar trebui s\u0103 fie f\u0103cut\u0103 dup\u0103 fiecare or\u0103 cu o clas\u0103.<\/p>\n\n\n\n<p>\u201eNoul normal\u201d ar putea \u00eensemna \u015fi combinarea \u00eenv\u0103\u0163\u0103m\u00e2ntului online cu cel \u00een sala de clas\u0103, \u00een cazul \u00een care unii dintre elevi ajung \u00een carantin\u0103 sau dac\u0103 unii p\u0103rin\u0163i se tem s\u0103 \u00ee\u015fi trimit\u0103 copilul la \u015fcoal\u0103.<\/p>\n\n\n\n<p>\u00cen \u015fcoli \u015fi campusuri trebuie s\u0103 fie amenajat\u0103 o camer\u0103 de izolare, unde pot sta s\u0103 \u00ee\u015fi a\u015ftepte p\u0103rin\u0163ii, \u00een cazul \u00een care manifest\u0103 simptome ce pot indica o infec\u0163ie.<\/p>\n\n\n\n<p>\u00cen ceea ce prive\u015fte purtarea m\u0103\u015ftii, speciali\u015ftii americani spun c\u0103, dac\u0103 m\u0103sura s-ar putea dovedi eficient\u0103 \u00een ceea ce \u00eei prive\u015fte pe elevii din ciclul gimnazial, pe liceeni \u015fi studen\u0163i, \u00een \u015fcoli primare \u015fi gr\u0103dini\u0163e, \u00eenv\u0103\u0163\u0103torii \u015fi educatorii vor fi cei care vor purta masc\u0103.<\/p>\n\n\n\n<p>Elevii vor duce \u015fi dorul serb\u0103rilor \u015fi al taberelor, pentru c\u0103 nici astfel de manifest\u0103ri nu sunt recomandare \u00een perioada urm\u0103toare.<\/p>\n\n\n\n<p>sursa: descopera.ro<\/p>\n","protected":false},"excerpt":{"rendered":"<p>Academia American\u0103 pentru Pediatrie a elaborat un ghid cu recomand\u0103ri pentru institu\u0163iile de \u00eenv\u0103\u0163\u0103m\u00e2nt de peste Ocean. Cuvintele cheie \u2013<\/p>\n","protected":false},"author":1,"featured_media":40502,"comment_status":"closed","ping_status":"closed","sticky":false,"template":"","format":"standard","meta":{"spay_email":"","footnotes":"","jetpack_publicize_message":""},"categories":[6],"tags":[],"class_list":["post-63569","post","type-post","status-publish","format-standard","has-post-thumbnail","hentry","category-social"],"jetpack_featured_media_url":"https:\/\/i1.wp.com\/realitatearutiera.ro\/wp-content\/uploads\/2018\/09\/51389-scoala_XL.jpg?fit=900%2C601&ssl=1","jetpack_publicize_connections":[],"jetpack_sharing_enabled":true,"jetpack_shortlink":"https:\/\/wp.me\/p61naM-gxj","jetpack-related-posts":[],"_links":{"self":[{"href":"https:\/\/realitatearutiera.ro\/index.php?rest_route=\/wp\/v2\/posts\/63569","targetHints":{"allow":["GET"]}}],"collection":[{"href":"https:\/\/realitatearutiera.ro\/index.php?rest_route=\/wp\/v2\/posts"}],"about":[{"href":"https:\/\/realitatearutiera.ro\/index.php?rest_route=\/wp\/v2\/types\/post"}],"author":[{"embeddable":true,"href":"https:\/\/realitatearutiera.ro\/index.php?rest_route=\/wp\/v2\/users\/1"}],"replies":[{"embeddable":true,"href":"https:\/\/realitatearutiera.ro\/index.php?rest_route=%2Fwp%2Fv2%2Fcomments&post=63569"}],"version-history":[{"count":1,"href":"https:\/\/realitatearutiera.ro\/index.php?rest_route=\/wp\/v2\/posts\/63569\/revisions"}],"predecessor-version":[{"id":63570,"href":"https:\/\/realitatearutiera.ro\/index.php?rest_route=\/wp\/v2\/posts\/63569\/revisions\/63570"}],"wp:featuredmedia":[{"embeddable":true,"href":"https:\/\/realitatearutiera.ro\/index.php?rest_route=\/wp\/v2\/media\/40502"}],"wp:attachment":[{"href":"https:\/\/realitatearutiera.ro\/index.php?rest_route=%2Fwp%2Fv2%2Fmedia&parent=63569"}],"wp:term":[{"taxonomy":"category","embeddable":true,"href":"https:\/\/realitatearutiera.ro\/index.php?rest_route=%2Fwp%2Fv2%2Fcategories&post=63569"},{"taxonomy":"post_tag","embeddable":true,"href":"https:\/\/realitatearutiera.ro\/index.php?rest_route=%2Fwp%2Fv2%2Ftags&post=63569"}],"curies":[{"name":"wp","href":"https:\/\/api.w.org\/{rel}","templated":true}]}}