{"id":63752,"date":"2020-05-15T08:38:09","date_gmt":"2020-05-15T05:38:09","guid":{"rendered":"http:\/\/realitatearutiera.ro\/?p=63752"},"modified":"2020-05-15T08:38:12","modified_gmt":"2020-05-15T05:38:12","slug":"judetul-timis-circulatie-oprita-pe-dn-6-cauza-unui-accident","status":"publish","type":"post","link":"https:\/\/realitatearutiera.ro\/?p=63752","title":{"rendered":"JUDE\u021aUL TIMI\u0218: CIRCULA\u021aIE OPRIT\u0102 PE DN 6 CAUZA UNUI ACCIDENT"},"content":{"rendered":"\n<p><strong>Centrul INFOTRAFIC din Inspectoratul General al Poli\u021biei Rom\u00e2ne&nbsp;<\/strong>informeaz\u0103 c\u0103 traficul rutier este \u00eentrerupt pe DN 6 Caransebe\u0219 \u2013 Lugoj, \u00een zona localit\u0103\u021bii G\u0103vojdia, jude\u021bul Timi\u0219, din cauza unui accident. \u00cen urma coliziunii dintre un autotren \u0219i dou\u0103 turisme, o persoan\u0103 a fost r\u0103nit\u0103.<\/p>\n\n\n\n<p>Se estimeaz\u0103 ca circula\u021bia s\u0103 fie reluat\u0103 \u00een 40 de minute.<\/p>\n","protected":false},"excerpt":{"rendered":"<p>Centrul INFOTRAFIC din Inspectoratul General al Poli\u021biei Rom\u00e2ne&nbsp;informeaz\u0103 c\u0103 traficul rutier este \u00eentrerupt pe DN 6 Caransebe\u0219 \u2013 Lugoj, \u00een<\/p>\n","protected":false},"author":1,"featured_media":27311,"comment_status":"closed","ping_status":"closed","sticky":false,"template":"","format":"standard","meta":{"spay_email":"","footnotes":"","jetpack_publicize_message":""},"categories":[54],"tags":[],"class_list":["post-63752","post","type-post","status-publish","format-standard","has-post-thumbnail","hentry","category-informatii-rutiere"],"jetpack_featured_media_url":"https:\/\/i2.wp.com\/realitatearutiera.ro\/wp-content\/uploads\/2017\/09\/infotrafic.jpg?fit=630%2C365&ssl=1","jetpack_publicize_connections":[],"jetpack_sharing_enabled":true,"jetpack_shortlink":"https:\/\/wp.me\/p61naM-gAg","jetpack-related-posts":[],"_links":{"self":[{"href":"https:\/\/realitatearutiera.ro\/index.php?rest_route=\/wp\/v2\/posts\/63752","targetHints":{"allow":["GET"]}}],"collection":[{"href":"https:\/\/realitatearutiera.ro\/index.php?rest_route=\/wp\/v2\/posts"}],"about":[{"href":"https:\/\/realitatearutiera.ro\/index.php?rest_route=\/wp\/v2\/types\/post"}],"author":[{"embeddable":true,"href":"https:\/\/realitatearutiera.ro\/index.php?rest_route=\/wp\/v2\/users\/1"}],"replies":[{"embeddable":true,"href":"https:\/\/realitatearutiera.ro\/index.php?rest_route=%2Fwp%2Fv2%2Fcomments&post=63752"}],"version-history":[{"count":1,"href":"https:\/\/realitatearutiera.ro\/index.php?rest_route=\/wp\/v2\/posts\/63752\/revisions"}],"predecessor-version":[{"id":63753,"href":"https:\/\/realitatearutiera.ro\/index.php?rest_route=\/wp\/v2\/posts\/63752\/revisions\/63753"}],"wp:featuredmedia":[{"embeddable":true,"href":"https:\/\/realitatearutiera.ro\/index.php?rest_route=\/wp\/v2\/media\/27311"}],"wp:attachment":[{"href":"https:\/\/realitatearutiera.ro\/index.php?rest_route=%2Fwp%2Fv2%2Fmedia&parent=63752"}],"wp:term":[{"taxonomy":"category","embeddable":true,"href":"https:\/\/realitatearutiera.ro\/index.php?rest_route=%2Fwp%2Fv2%2Fcategories&post=63752"},{"taxonomy":"post_tag","embeddable":true,"href":"https:\/\/realitatearutiera.ro\/index.php?rest_route=%2Fwp%2Fv2%2Ftags&post=63752"}],"curies":[{"name":"wp","href":"https:\/\/api.w.org\/{rel}","templated":true}]}}