{"id":63798,"date":"2020-05-15T11:05:53","date_gmt":"2020-05-15T08:05:53","guid":{"rendered":"http:\/\/realitatearutiera.ro\/?p=63798"},"modified":"2020-05-15T11:05:56","modified_gmt":"2020-05-15T08:05:56","slug":"iasi-in-ce-conditii-veti-putea-circula-cu-mijloacele-de-transport-in-comun-incepand-de-luni","status":"publish","type":"post","link":"https:\/\/realitatearutiera.ro\/?p=63798","title":{"rendered":"Ia\u0219i- \u00cen ce condi\u021bii ve\u021bi putea circula cu mijloacele de transport \u00een comun \u00eencep\u00e2nd de luni"},"content":{"rendered":"\n<p>Societatea de transport public va intra \u00eentr-o oarecare normalitate abia de luni. P\u00e2n\u0103 atunci, este valabil\u0103 a decizie local\u0103 de urgen\u0163\u0103 care men\u0163ine mai multe restric\u0163ii. Care sunt acestea?<\/p>\n\n\n\n<p>Transportul public \u00een comun va intra \u00eentr-o oarecare normalitate abia \u00eencep\u00e2nd de luni, 18 mai. Potrivit municipalit\u0103\u0163ii, accesul \u00een autobuzele \u015fi tramvaiele CTP va fi permis publicului larg. \u00cen acest weekend este \u00eenc\u0103 \u00een vigoare o decizie a Comitetului Local pentru Situa\u0163ii de Urgen\u0163\u0103 (CLSU) potrivit c\u0103reia doar persoanele care merg la locurile de munc\u0103 pot utiliza vehiculele CTP. \u00cen schimb, de luni, c\u00e2nd transportul va fi deschis publicului larg, c\u0103l\u0103torii sunt obliga\u0163i s\u0103 respecte anumite restric\u0163ii: accesul va fi permis doar \u00een limita locurilor de pe scaune, iar fiecare c\u0103l\u0103tor trebuie s\u0103 poarte masc\u0103 \u015fi m\u0103nu\u015fi de protec\u0163ie. \u00cen acela\u015fi timp, \u00een sta\u0163iile CTP, c\u0103l\u0103torii trebuie s\u0103 respecte distan\u0163a social\u0103 de minimum 1,5 metri.<\/p>\n\n\n\n<p>\u00cen aceste zile, Prim\u0103ria a decis ca \u00een sta\u0163iile de autobuze \u015fi pe peroane s\u0103 fie marcate spa\u0163ii de a\u015fteptare.&nbsp;<em><strong>\u201eSpa\u0163iile sunt marcate cu vopsea alb\u0103, sub forma a dou\u0103 t\u0103lpi \u00eencadrate \u00eentr-un cerc. Marcajele sunt trasate la doi metri distan\u0163\u0103 \u00eentre ele, conform normelor epidemiologice \u00een vigoare\u201c<\/strong><\/em>, se precizeaz\u0103 \u00eentr-o informare a Prim\u0103riei.<\/p>\n\n\n\n<p>O alt\u0103 m\u0103sur\u0103, care va intra \u00een vigoare din data de 18 mai, vizeaz\u0103 \u00eenfiin\u0163area de puncte de verificare a st\u0103rii de s\u0103n\u0103tate a c\u0103l\u0103torilor: angaja\u0163i ai CTP vor m\u0103sura temperatura c\u0103l\u0103torilor \u00een 45 de sta\u0163ii. C\u0103l\u0103torilor care vor avea o temperatur\u0103 ce dep\u0103\u015fe\u015fte 37,5 grade Celsius nu li se va permite accesul \u00een vehiculele CTP.<\/p>\n\n\n\n<p>Potrivit reprezentan\u0163ilor Prim\u0103riei, din 18 mai, la strad\u0103 va fi \u00eentreg parcul auto al CTP ca \u00eentr-o zi normal\u0103 de lucru. Amintim c\u0103, pe perioada st\u0103rii de urgen\u0163\u0103, CLSU a adoptat mai multe m\u0103suri pentru evitarea aglomer\u0103rii vehiculelor CTP. \u00cen principal, doar anumite categorii socio-profesionale (\u00een special personalul din sistemul sanitar) au putut circula cu mijloacele de transport, iar autobuzele \u015fi tramvaiele au fost mobilizate la strad\u0103 doar \u00een anumite intervale orare.<\/p>\n\n\n\n<p>Totodat\u0103, CTP a anun\u0163at c\u0103 perioada de valabilitate a abonamentelor nefolosite \u00een perioada st\u0103rii de urgen\u0163\u0103 este prelungit\u0103 cu zilele nefolosite de dup\u0103 17 martie. Posesorii de abonamente pot cere detalii la tonetele CTP, sau pot g\u0103si detalii pe site-ul companiei.<\/p>\n\n\n\n<p>Sursa:ziaruldeiasi<\/p>\n","protected":false},"excerpt":{"rendered":"<p>Societatea de transport public va intra \u00eentr-o oarecare normalitate abia de luni. P\u00e2n\u0103 atunci, este valabil\u0103 a decizie local\u0103 de<\/p>\n","protected":false},"author":1,"featured_media":63799,"comment_status":"closed","ping_status":"closed","sticky":false,"template":"","format":"standard","meta":{"spay_email":"","footnotes":"","jetpack_publicize_message":""},"categories":[6],"tags":[],"class_list":["post-63798","post","type-post","status-publish","format-standard","has-post-thumbnail","hentry","category-social"],"jetpack_featured_media_url":"https:\/\/i0.wp.com\/realitatearutiera.ro\/wp-content\/uploads\/2020\/05\/d58b382ffd8504e238c88b63c4a2a1d5_XL.jpg?fit=900%2C644&ssl=1","jetpack_publicize_connections":[],"jetpack_sharing_enabled":true,"jetpack_shortlink":"https:\/\/wp.me\/p61naM-gB0","jetpack-related-posts":[],"_links":{"self":[{"href":"https:\/\/realitatearutiera.ro\/index.php?rest_route=\/wp\/v2\/posts\/63798","targetHints":{"allow":["GET"]}}],"collection":[{"href":"https:\/\/realitatearutiera.ro\/index.php?rest_route=\/wp\/v2\/posts"}],"about":[{"href":"https:\/\/realitatearutiera.ro\/index.php?rest_route=\/wp\/v2\/types\/post"}],"author":[{"embeddable":true,"href":"https:\/\/realitatearutiera.ro\/index.php?rest_route=\/wp\/v2\/users\/1"}],"replies":[{"embeddable":true,"href":"https:\/\/realitatearutiera.ro\/index.php?rest_route=%2Fwp%2Fv2%2Fcomments&post=63798"}],"version-history":[{"count":1,"href":"https:\/\/realitatearutiera.ro\/index.php?rest_route=\/wp\/v2\/posts\/63798\/revisions"}],"predecessor-version":[{"id":63800,"href":"https:\/\/realitatearutiera.ro\/index.php?rest_route=\/wp\/v2\/posts\/63798\/revisions\/63800"}],"wp:featuredmedia":[{"embeddable":true,"href":"https:\/\/realitatearutiera.ro\/index.php?rest_route=\/wp\/v2\/media\/63799"}],"wp:attachment":[{"href":"https:\/\/realitatearutiera.ro\/index.php?rest_route=%2Fwp%2Fv2%2Fmedia&parent=63798"}],"wp:term":[{"taxonomy":"category","embeddable":true,"href":"https:\/\/realitatearutiera.ro\/index.php?rest_route=%2Fwp%2Fv2%2Fcategories&post=63798"},{"taxonomy":"post_tag","embeddable":true,"href":"https:\/\/realitatearutiera.ro\/index.php?rest_route=%2Fwp%2Fv2%2Ftags&post=63798"}],"curies":[{"name":"wp","href":"https:\/\/api.w.org\/{rel}","templated":true}]}}