{"id":64142,"date":"2020-05-22T08:15:04","date_gmt":"2020-05-22T05:15:04","guid":{"rendered":"http:\/\/realitatearutiera.ro\/?p=64142"},"modified":"2020-05-22T08:15:06","modified_gmt":"2020-05-22T05:15:06","slug":"microbuz-in-care-se-aflau-patru-oameni-a-luat-foc-pe-a1","status":"publish","type":"post","link":"https:\/\/realitatearutiera.ro\/?p=64142","title":{"rendered":"Microbuz, \u00een care se aflau patru oameni, a luat foc pe A1"},"content":{"rendered":"\n<p>Microbuzul a luat foc \u00een diminea\u0163a zilei de vineri, 22 mai. Ma\u015fina circula pe A1, pe sensul de mers Pite\u015fti &#8211; Bucure\u015fti.<\/p>\n\n\n\n<figure class=\"wp-block-image\"><img decoding=\"async\" src=\"https:\/\/i0.wp.com\/adevarul.ro\/assets\/adevarul.ro\/MRImage\/2020\/05\/22\/5ec759485163ec427105d1a7\/646x404.jpeg?w=800&#038;ssl=1\" alt=\"Microbuz f\u0103cut scrum pe A1, pe sensul de mers c\u0103tre Bucure\u015fti ...\" data-recalc-dims=\"1\"\/><\/figure>\n\n\n\n<p>Pompierii din cadrul Inspectoratului pentru Situa\u0163ii de Urgen\u0163\u0103 (ISU) Giurgiu au fost solicita\u0163i vineri diminea\u0163a pentru a stinge un incendiu izbucnit la un microbuz. Ma\u015fina circula pe A1 (sens de mers c\u0103tre Bucure\u015fti), iar \u00een zona kilometrului 38, \u015foferul a observat c\u0103 iese fum de sub capot\u0103. Astfel a reu\u015fit s\u0103 opreasc\u0103 microbuzul pe banda de urgen\u0163\u0103. <\/p>\n\n\n\n<p>\u201eLa fa\u0163a locului s-au deplasat pompierii din cadrul Deta\u015famentului Bolintin Deal, cu o autospecial\u0103 de stingere cu ap\u0103 \u015fi spum\u0103. Ace\u015ftia au constatat faptul c\u0103 incendiul se manifesta cu flac\u0103r\u0103 deschis\u0103 \u015fi degajare mare de fum, la un microbuz, oprit pe banda de urgen\u0163\u0103. Cele patru persoane aflate \u00een microbuz s-au autoevacuat \u00een timp util, \u00een momentul \u00een care \u015foferul a observat c\u0103 iese fum de sub capot\u0103\u201d, transmit reprezentan\u0163ii ISU Giurgiu. <\/p>\n\n\n\n<p>\u00cen urma incendiului, microbuzul a ars \u00een totalitate. Cauza probabil\u0103 a producerii incendiului a fost scurtcircuitul.<\/p>\n\n\n\n<p> Pentru a preveni astfel de evenimente, pompierii recomand\u0103 respectarea urm\u0103toarelor m\u0103suri: <\/p>\n\n\n\n<ul class=\"wp-block-list\"><li>verifica\u0163i instala\u0163ia electric\u0103: aceasta nu trebuie s\u0103 prezinte cabluri neizolate, acumulatorul nu trebuie s\u0103 fie defect, iar transformatorul \u015fi redresorul nu trebuie suprasolicitate; <\/li><li>nu face\u0163i improviza\u0163ii la instala\u0163ia electric\u0103; asigura\u0163i-v\u0103 c\u0103 echipamentele de iluminat electric nu sunt defecte, neizolate sau amplasate necorespunz\u0103tor;<\/li><li>verifica\u0163i dac\u0103 apar eventuale scurgeri de carburan\u0163i sau lubrifian\u0163i, dar \u015fi perioada de garan\u0163ie a sting\u0103torului din autoturism.<\/li><\/ul>\n\n\n\n<p>Sursa:adevarul<\/p>\n","protected":false},"excerpt":{"rendered":"<p>Microbuzul a luat foc \u00een diminea\u0163a zilei de vineri, 22 mai. Ma\u015fina circula pe A1, pe sensul de mers Pite\u015fti<\/p>\n","protected":false},"author":1,"featured_media":64143,"comment_status":"closed","ping_status":"closed","sticky":false,"template":"","format":"standard","meta":{"spay_email":"","footnotes":"","jetpack_publicize_message":""},"categories":[1],"tags":[],"class_list":["post-64142","post","type-post","status-publish","format-standard","has-post-thumbnail","hentry","category-uncategorized"],"jetpack_featured_media_url":"https:\/\/i2.wp.com\/realitatearutiera.ro\/wp-content\/uploads\/2020\/05\/646x404-1.jpeg?fit=646%2C404&ssl=1","jetpack_publicize_connections":[],"jetpack_sharing_enabled":true,"jetpack_shortlink":"https:\/\/wp.me\/p61naM-gGy","jetpack-related-posts":[],"_links":{"self":[{"href":"https:\/\/realitatearutiera.ro\/index.php?rest_route=\/wp\/v2\/posts\/64142","targetHints":{"allow":["GET"]}}],"collection":[{"href":"https:\/\/realitatearutiera.ro\/index.php?rest_route=\/wp\/v2\/posts"}],"about":[{"href":"https:\/\/realitatearutiera.ro\/index.php?rest_route=\/wp\/v2\/types\/post"}],"author":[{"embeddable":true,"href":"https:\/\/realitatearutiera.ro\/index.php?rest_route=\/wp\/v2\/users\/1"}],"replies":[{"embeddable":true,"href":"https:\/\/realitatearutiera.ro\/index.php?rest_route=%2Fwp%2Fv2%2Fcomments&post=64142"}],"version-history":[{"count":1,"href":"https:\/\/realitatearutiera.ro\/index.php?rest_route=\/wp\/v2\/posts\/64142\/revisions"}],"predecessor-version":[{"id":64144,"href":"https:\/\/realitatearutiera.ro\/index.php?rest_route=\/wp\/v2\/posts\/64142\/revisions\/64144"}],"wp:featuredmedia":[{"embeddable":true,"href":"https:\/\/realitatearutiera.ro\/index.php?rest_route=\/wp\/v2\/media\/64143"}],"wp:attachment":[{"href":"https:\/\/realitatearutiera.ro\/index.php?rest_route=%2Fwp%2Fv2%2Fmedia&parent=64142"}],"wp:term":[{"taxonomy":"category","embeddable":true,"href":"https:\/\/realitatearutiera.ro\/index.php?rest_route=%2Fwp%2Fv2%2Fcategories&post=64142"},{"taxonomy":"post_tag","embeddable":true,"href":"https:\/\/realitatearutiera.ro\/index.php?rest_route=%2Fwp%2Fv2%2Ftags&post=64142"}],"curies":[{"name":"wp","href":"https:\/\/api.w.org\/{rel}","templated":true}]}}