{"id":64421,"date":"2020-05-27T10:53:20","date_gmt":"2020-05-27T07:53:20","guid":{"rendered":"http:\/\/realitatearutiera.ro\/?p=64421"},"modified":"2020-05-27T10:53:23","modified_gmt":"2020-05-27T07:53:23","slug":"accident-violent-pe-valea-oltului-patru-vehicule-au-fost-implicate","status":"publish","type":"post","link":"https:\/\/realitatearutiera.ro\/?p=64421","title":{"rendered":"Accident violent pe Valea Oltului. Patru vehicule au fost implicate"},"content":{"rendered":"\n<p>ISU Sibiu intervine cu un echipaj de descarcerare \u00een zona localit\u0103\u021bii C\u00e2ineni, la limita de jude\u021b cu V\u00e2lcea, la un accident rutier produs \u00eentre mai multe vehicule<em>.<\/em><\/p>\n\n\n\n<p><img loading=\"lazy\" decoding=\"async\" src=\"https:\/\/i0.wp.com\/www.mesageruldesibiu.ro\/wp-content\/uploads\/2020\/05\/vl.jpeg?resize=300%2C169\" alt=\"\" width=\"300\" height=\"169\" srcset=\"https:\/\/i0.wp.com\/www.mesageruldesibiu.ro\/wp-content\/uploads\/2020\/05\/vl.jpeg?resize=300%2C169&amp;ssl=1 300w, https:\/\/i0.wp.com\/www.mesageruldesibiu.ro\/wp-content\/uploads\/2020\/05\/vl.jpeg?resize=650%2C366&amp;ssl=1 650w, https:\/\/i0.wp.com\/www.mesageruldesibiu.ro\/wp-content\/uploads\/2020\/05\/vl.jpeg?resize=150%2C84&amp;ssl=1 150w, https:\/\/i0.wp.com\/www.mesageruldesibiu.ro\/wp-content\/uploads\/2020\/05\/vl.jpeg?resize=768%2C432&amp;ssl=1 768w, https:\/\/i0.wp.com\/www.mesageruldesibiu.ro\/wp-content\/uploads\/2020\/05\/vl.jpeg?resize=98%2C55&amp;ssl=1 98w, https:\/\/i0.wp.com\/www.mesageruldesibiu.ro\/wp-content\/uploads\/2020\/05\/vl.jpeg?resize=1536%2C864&amp;ssl=1 1536w, https:\/\/i0.wp.com\/www.mesageruldesibiu.ro\/wp-content\/uploads\/2020\/05\/vl.jpeg?w=1600&amp;ssl=1 1600w, https:\/\/i0.wp.com\/www.mesageruldesibiu.ro\/wp-content\/uploads\/2020\/05\/vl.jpeg?w=1396 1396w\"><br>Primele informa\u021bii arat\u0103 c\u0103 sunt dou\u0103 persoane implicate, dintre care una \u00eencarcerat\u0103, potrivit ISU Sibiu.<\/p>\n\n\n\n<p>Pompierii din V\u00e2lcea spun, la r\u00e2ndul lor, c\u0103 sunt anun\u021bate 4 ma\u0219ini implicate: un autotren, un transportor dema\u0219ini \u0219i 2 autoturisme.<\/p>\n\n\n\n<figure class=\"wp-block-image\"><img decoding=\"async\" src=\"https:\/\/i1.wp.com\/www.mesageruldesibiu.ro\/wp-content\/uploads\/2020\/05\/vl2.png?resize=300%2C169\" alt=\"\" class=\"wp-image-60949\"\/><\/figure>\n\n\n\n<p>\u201eSunt dou\u0103 victime, una este \u00eencarcerat\u0103. Intervin pompierii militari cu o ambulan\u021b\u0103 SMURD \u0219i o autospecial\u0103 de stingere cu modul de descarcerare, o ambulan\u021b\u0103 SAJ. \u00cen sprijin intervine ISU Sibiu cu dou\u0103 autospeciale: o ambulan\u021b\u0103 \u0219i descarcerare\u201d \u2013 este mesajul celor de la ISU V\u00e2lcea.<\/p>\n\n\n\n<p>Sursa:mesageruldesibiu<\/p>\n","protected":false},"excerpt":{"rendered":"<p>ISU Sibiu intervine cu un echipaj de descarcerare \u00een zona localit\u0103\u021bii C\u00e2ineni, la limita de jude\u021b cu V\u00e2lcea, la un<\/p>\n","protected":false},"author":1,"featured_media":64422,"comment_status":"closed","ping_status":"closed","sticky":false,"template":"","format":"standard","meta":{"spay_email":"","footnotes":"","jetpack_publicize_message":""},"categories":[1],"tags":[],"class_list":["post-64421","post","type-post","status-publish","format-standard","has-post-thumbnail","hentry","category-uncategorized"],"jetpack_featured_media_url":"https:\/\/i2.wp.com\/realitatearutiera.ro\/wp-content\/uploads\/2020\/05\/accident-rutier-valcea_849f6-1.jpeg?fit=820%2C584&ssl=1","jetpack_publicize_connections":[],"jetpack_sharing_enabled":true,"jetpack_shortlink":"https:\/\/wp.me\/p61naM-gL3","jetpack-related-posts":[],"_links":{"self":[{"href":"https:\/\/realitatearutiera.ro\/index.php?rest_route=\/wp\/v2\/posts\/64421","targetHints":{"allow":["GET"]}}],"collection":[{"href":"https:\/\/realitatearutiera.ro\/index.php?rest_route=\/wp\/v2\/posts"}],"about":[{"href":"https:\/\/realitatearutiera.ro\/index.php?rest_route=\/wp\/v2\/types\/post"}],"author":[{"embeddable":true,"href":"https:\/\/realitatearutiera.ro\/index.php?rest_route=\/wp\/v2\/users\/1"}],"replies":[{"embeddable":true,"href":"https:\/\/realitatearutiera.ro\/index.php?rest_route=%2Fwp%2Fv2%2Fcomments&post=64421"}],"version-history":[{"count":1,"href":"https:\/\/realitatearutiera.ro\/index.php?rest_route=\/wp\/v2\/posts\/64421\/revisions"}],"predecessor-version":[{"id":64423,"href":"https:\/\/realitatearutiera.ro\/index.php?rest_route=\/wp\/v2\/posts\/64421\/revisions\/64423"}],"wp:featuredmedia":[{"embeddable":true,"href":"https:\/\/realitatearutiera.ro\/index.php?rest_route=\/wp\/v2\/media\/64422"}],"wp:attachment":[{"href":"https:\/\/realitatearutiera.ro\/index.php?rest_route=%2Fwp%2Fv2%2Fmedia&parent=64421"}],"wp:term":[{"taxonomy":"category","embeddable":true,"href":"https:\/\/realitatearutiera.ro\/index.php?rest_route=%2Fwp%2Fv2%2Fcategories&post=64421"},{"taxonomy":"post_tag","embeddable":true,"href":"https:\/\/realitatearutiera.ro\/index.php?rest_route=%2Fwp%2Fv2%2Ftags&post=64421"}],"curies":[{"name":"wp","href":"https:\/\/api.w.org\/{rel}","templated":true}]}}