{"id":64583,"date":"2020-06-02T09:06:36","date_gmt":"2020-06-02T06:06:36","guid":{"rendered":"http:\/\/realitatearutiera.ro\/?p=64583"},"modified":"2020-06-02T09:06:39","modified_gmt":"2020-06-02T06:06:39","slug":"anuntul-mae-cum-pot-calatori-romanii-in-ungaria","status":"publish","type":"post","link":"https:\/\/realitatearutiera.ro\/?p=64583","title":{"rendered":"Anun\u021bul MAE: Cum pot c\u0103l\u0103tori rom\u00e2nii \u00een Ungaria"},"content":{"rendered":"\n<p>Ministerul Afacerilor Externe a precizat pentru \u0218tirile Pro TV cum se pot deplasa rom\u00e2nii \u00een Ungaria.<\/p>\n\n\n\n<figure class=\"wp-block-image size-large is-resized\"><img loading=\"lazy\" decoding=\"async\" data-attachment-id=\"64584\" data-permalink=\"https:\/\/realitatearutiera.ro\/?attachment_id=64584\" data-orig-file=\"https:\/\/i2.wp.com\/realitatearutiera.ro\/wp-content\/uploads\/2020\/06\/image.jpeg?fit=284%2C178&amp;ssl=1\" data-orig-size=\"284,178\" data-comments-opened=\"0\" data-image-meta=\"{&quot;aperture&quot;:&quot;0&quot;,&quot;credit&quot;:&quot;&quot;,&quot;camera&quot;:&quot;&quot;,&quot;caption&quot;:&quot;&quot;,&quot;created_timestamp&quot;:&quot;0&quot;,&quot;copyright&quot;:&quot;&quot;,&quot;focal_length&quot;:&quot;0&quot;,&quot;iso&quot;:&quot;0&quot;,&quot;shutter_speed&quot;:&quot;0&quot;,&quot;title&quot;:&quot;&quot;,&quot;orientation&quot;:&quot;0&quot;}\" data-image-title=\"image\" data-image-description=\"\" data-medium-file=\"https:\/\/i2.wp.com\/realitatearutiera.ro\/wp-content\/uploads\/2020\/06\/image.jpeg?fit=284%2C178&amp;ssl=1\" data-large-file=\"https:\/\/i2.wp.com\/realitatearutiera.ro\/wp-content\/uploads\/2020\/06\/image.jpeg?fit=284%2C178&amp;ssl=1\" src=\"https:\/\/i2.wp.com\/realitatearutiera.ro\/wp-content\/uploads\/2020\/06\/image.jpeg?resize=433%2C271\" alt=\"Cum pot c\u0103l\u0103tori rom\u00e2nii \u00een Ungaria. Anun\u021bul MAE - Stirileprotv.ro\" class=\"wp-image-64584\" width=\"433\" height=\"271\" data-recalc-dims=\"1\" \/><\/figure>\n\n\n\n<p>Accesul cet\u0103\u021benilor rom\u00e2ni pe teritoriul Ungariei este permis doar \u00een urm\u0103toarele condi\u021bii:<\/p>\n\n\n\n<p>1. posed\u0103 un drept de \u0219edere legal \u00een Ungaria (temporar sau permanent), \u00eempreun\u0103 cu o carte de adres\u0103 (lakcim kartya).<br>2. sunt membri de familie ai unor cet\u0103\u021beni ungari care revin acas\u0103 \u00eempreun\u0103 cu ace\u0219tia din urm\u0103.<br>3. posed\u0103 pa\u0219apoarte diplomatice \u0219i de serviciu sau sunt membri ai unor organiza\u021bii interna\u021bionale.<br>Carantina pentru aceste categorii de cet\u0103\u021beni este de 14 zile. Membrii corpului diplomatic intr\u0103 \u00een carantin\u0103 doar dac\u0103 prezint\u0103 simptome de \u00eemboln\u0103vire cu COVID-19.<\/p>\n\n\n\n<p>Suplimentar este permis accesul lucr\u0103torilor sezonieri \u0219i transfrontalieri, dup\u0103 cum urmeaz\u0103:<\/p>\n\n\n\n<p>1. Este permis\u0103 intrarea pe teritoriul ungar a lucr\u0103torilor sezonieri din \u021b\u0103rile vecine. Din Rom\u00e2nia se permite intrarea pe la punctul de frontier\u0103 N\u0103dlac, cu \u00een\u0219tiin\u021bare prealabil\u0103 din partea angajatorului (cu 48 de ore \u00eenainte) prin transmiterea unui e-mail la poli\u021bia de frontier\u0103. Lucr\u0103torii sezonieri trebuie apoi s\u0103 prezinte la frontier\u0103 o copie a \u00een\u0219tiin\u021b\u0103rii. De asemenea, ace\u0219tia trebuie s\u0103 prezinte contractul de munc\u0103 \u00een original care atest\u0103 domeniul de activitate, locul de desf\u0103\u0219urare a activit\u0103\u021bii \u0219i perioada pentru care contractul a fost \u00eencheiat.<\/p>\n\n\n\n<p>2. Angajatorul este obligat s\u0103 anun\u021be autorit\u0103\u021bile de s\u0103n\u0103tate public\u0103 din Ungaria cu 3 zile \u00eenainte de sosirea lucr\u0103torilor.<\/p>\n\n\n\n<p>Dup\u0103 sosirea lucr\u0103torilor sezonieri, trebuie asigurate condi\u021biile de carantina la locul de munc\u0103.<\/p>\n\n\n\n<p>3. De asemenea:<\/p>\n\n\n\n<p>1. muncitorii zilieri vor fi transporta\u021bi de angajator \u00een mod organizat de la punctul de frontier\u0103 la locul de cazare; deplas\u0103rile individuale nu sunt permise;<br>2. locurile de cazare pot s\u0103 fie p\u0103r\u0103site doar organizat \u00een scopul deplas\u0103rii la locul de munc\u0103;<br>3. masa lucr\u0103torilor trebuie asigurat\u0103 de c\u0103tre angajator;<br>4. lucr\u0103torul este obligat s\u0103 anun\u021be orice fel de simptome de \u00eemboln\u0103vire \u00een timpul carantinei la locul de munc\u0103; \u00een cazul \u00een care se constat\u0103 unele simptome, angajatul trebuie izolat \u0219i trebuie anun\u021bate autorit\u0103\u021bile de s\u0103n\u0103tate public\u0103 din Ungaria.<\/p>\n\n\n\n<p><strong><br>Pentru lucr\u0103torii transfrontalieri:<\/strong><\/p>\n\n\n\n<p>1. Persoanele vor prezenta la controlul de frontier\u0103 \u00een mod obligatoriu un contract de munc\u0103, titlu de proprietate sau alte documente echivalente care atest\u0103 faptul c\u0103 acestea tranziteaz\u0103 frontiera de stat \u00een interes profesional sau pentru desf\u0103\u0219urarea de activit\u0103\u021bi agricole sau comercializarea de produse alimentare.<\/p>\n\n\n\n<p>2. Lucr\u0103torii transfrontalieri sunt excepta\u021bi de la m\u0103surile de izolare la domiciliu sau de carantinare dac\u0103, la intrarea \u00een Rom\u00e2nia din Ungaria, nu prezint\u0103 simptome asociate COVID-19.<\/p>\n\n\n\n<p>A\u0219a cum a fost definit anterior prin Ordonan\u021ba Militar\u0103 nr. 8 din 08.04.2020, prin lucr\u0103tor transfrontalier se \u00een\u021belege persoana care face dovada c\u0103 locuie\u0219te \u0219i lucreaz\u0103 \u00eentr-o raz\u0103 de 30 km de o parte sau de alta a frontierei de stat rom\u00e2no-ungare, calculat\u0103 de la cel mai apropiat punct de trecere a frontierei deschis traficului de persoane, \u0219i care se re\u00eentoarce la locuin\u021b\u0103 cel pu\u021bin o dat\u0103 pe s\u0103pt\u0103m\u00e2n\u0103.<\/p>\n\n\n\n<p>De asemenea, este permis tranzitul cet\u0103\u021benilor rom\u00e2ni. Astfel, \u00een continuarea m\u0103surilor dispuse pentru fluidizarea traficului la grani\u021ba dintre Rom\u00e2nia \u015fi Ungaria, \u00eencep\u00e2nd de vineri, 29 mai, ora 07.00 (ora Rom\u00e2niei), participan\u0163ii la trafic pot ie\u015fi din \u0163ar\u0103 prin punctele de trecere a frontierei opera\u0163ionale la grani\u0163a cu Ungaria \u00een regim permanent (24\/24 h), \u00een vederea intr\u0103rii pe teritoriul statului vecin sau tranzit\u0103rii spre alte state din vestul Europei. Totodat\u0103, autorit\u0103\u0163ile ungare au comunicat faptul c\u0103 acelea\u015fi condi\u0163ii sunt valabile \u015fi pentru persoanele care c\u0103l\u0103toresc din Europa de Vest, dup\u0103 ora 21.00.<\/p>\n\n\n\n<p>La grani\u0163a comun\u0103 sunt opera\u0163ionale, at\u00e2t pe sensul de intrare \u00een \u0163ar\u0103 c\u00e2t \u015fi pe cel de ie\u015fire, 11 puncte de trecere a frontierei pentru efectuarea formalit\u0103\u0163ilor de control.<\/p>\n\n\n\n<p>Pentru traficul de persoane \u015fi camioane sunt opera\u0163ionale, \u00een func\u0163ie de specificul fiec\u0103rui punct, urm\u0103toarele puncte de trecere a frontierei: T.F. Petea \u2013 jude\u0163ul Satu Mare; T.F. Urziceni \u2013 jude\u0163ul Satu Mare; T.F. Valea lui Mihai \u2013 jude\u0163ul Bihor; T.F. Bor\u015f \u2013 jude\u0163ul Bihor; T.F. V\u0103r\u0219and \u2013 jude\u0163ul Arad; T.F. Turnu \u2013 jude\u0163ul Arad; T.F. N\u0103dlac I \u2013 jude\u0163ul Arad; T.F. N\u0103dlac II \u2013 jude\u0163ul Arad.<\/p>\n\n\n\n<p>De asemenea, prin celelalte puncte de trecere deschise la grani\u0163a comun\u0103 se va permite doar traficul lucr\u0103torilor transfrontalieri: T.F. Salonta \u2013 jude\u0163ul Bihor; T.F. S\u0103cuieni \u2013 jude\u0163ul Bihor; T.F. Cenad \u2013 jude\u0163ul Timi\u015f.<\/p>\n\n\n\n<p>Se recomand\u0103 tranzitarea tuturor punctelor de trecere a frontierei deschise traficului interna\u0163ional la grani\u0163a de vest, astfel \u00eenc\u00e2t s\u0103 fie evitat\u0103 suprasolicitarea unora dintre acestea, din cauza unui num\u0103r mare de c\u0103l\u0103tori, \u00eentr-un timp foarte scurt.<br>Ungaria-Austria<\/p>\n\n\n\n<p><strong>HEGYESHALOM-NICKELSDORF (autostrad\u0103)<\/strong><\/p>\n\n\n\n<p>1. intrare cet\u0103\u0163eni ungari;<br>2. \u00een scop de afaceri &#8211; cet\u0103\u0163eni din Cehia, Polonia, Germania, Austria, Slovacia \u015fi Coreea de Sud;<br>3. \u00een scop de tranzit, zilinic \u00eentre orele 20.00-12.00 &#8211; cet\u0103\u0163eni rom\u00e2ni \u0219i cet\u0103\u021beni din Republica Moldova, Bulgaria, Ucraina, Slovenia \u015fi Croa\u021bia;<br>4. trafic interna\u0163ional de marf\u0103;<br>5. lucr\u0103tori transfrontalieri (cet\u0103\u0163eni austrieci \u015fi cet\u0103\u0163eni ungari) f\u0103r\u0103 limit\u0103 teritorial\u0103.<br><strong><br>Ungaria-Slovacia<\/strong><\/p>\n\n\n\n<p>RAJKA-RUSOVCE M15<\/p>\n\n\n\n<p>1. intrare cet\u0103\u0163eni ungari;<br>2. \u00een scop de afaceri &#8211; cet\u0103\u0163eni Cehia, Polonia, Germania, Austria, Slovacia \u015fi Coreea de Sud;<br>3. \u00een scop de tranzit, zilnic \u00eentre orele 20.00-12.00 &#8211; cet\u0103\u0163eni rom\u00e2ni \u0219i cet\u0103\u021beni din Republica Moldova, Bulgaria, Ucraina, Slovenia \u015fi Croa\u021bia;<br>4. trafic interna\u0163ional de marf\u0103;<br>5. lucr\u0103tori transfrontalieri (cet\u0103\u0163eni ungari \u015fi cet\u0103\u0163eni slovaci) pe o raz\u0103 de 30 de km.<\/p>\n\n\n\n<p><strong>Ungaria-Slovenia<\/strong><br><strong><br>TORNYISZENTMIKLOS-PINCE (M70)<\/strong><\/p>\n\n\n\n<p>1. intrare cet\u0103\u0163eni ungari;<br>2. \u00een scop de tranzit, zilnic \u00eentre orele 20.00-12.00 &#8211; cet\u0103\u0163eni rom\u00e2ni \u0219i cet\u0103\u021beni din Republica Moldova, Bulgaria, Ucraina;<br>3. trafic interna\u0163ional de marf\u0103;<br>4. lucr\u0103tori transfrontalieri (cet\u0103\u0163eni ungari \u015fi cet\u0103\u0163eni sloveni) pe o raz\u0103 de 30 km.<\/p>\n\n\n\n<p><strong>Informa\u0163ii transport \u2013 Aeroportul Interna\u021bional Liszt Ferenc din Budapesta<\/strong><\/p>\n\n\n\n<p>Au fost introduse noi m\u0103suri cu privire la transportul de persoane pentru cet\u0103\u0163eni rom\u00e2ni \u2013 autoturisme, autobuze, microbuze &#8211; care sosesc sau pleac\u0103 de pe Aeroportul Interna\u0163ional Liszt Ferenc din Budapesta.<\/p>\n\n\n\n<p>\u015eoferii \u015fi pasagerii sunt excepta\u0163i de la m\u0103sura carantin\u0103rii pe teritoriul Ungariei, dar pe parcursul c\u0103l\u0103toriei trebuie s\u0103 urmeze culoarul de tranzit prestabilit \u015fi s\u0103 alimenteze doar la punctele marcate de pe traseu.<\/p>\n\n\n\n<p>\u015eoferii care transport\u0103 pasagerii curselor aeriene cu aterizare\/decolare de\/pe aeroportul Liszt Ferenc din Budapesta trebuie s\u0103 p\u0103r\u0103seasc\u0103 teritoriul Ungariei pe culoarul prestabilit \u00een interval de 24 de ore de la intrare prin punctul de frontier\u0103.<\/p>\n\n\n\n<p>Condi\u0163ia intr\u0103rii cet\u0103\u0163enilor \u00een scop de tranzit este supunerea la o examinare medical\u0103, inexisten\u0163a suspiciunii infec\u0163iei COVID, respectiv \u00eendeplinirea condi\u0163iilor de intrare \u015fi deplasare prev\u0103zute de Codul frontierelor Schengen.<\/p>\n\n\n\n<p>\u015eoferii mijloacelor de transport trebuie s\u0103 fac\u0103 dovada\/certifice scopul transportului cu un document\/foaie de parcurs prin care se adevere\u015fte c\u0103 pasagerii prezint\u0103 bilete de avion valabile \u015fi c\u0103 acestora le este asigurat\u0103 intrarea pe teritoriul \u0163\u0103rii de destina\u0163ie.<\/p>\n\n\n\n<p>Sursa:stirileprotv<\/p>\n","protected":false},"excerpt":{"rendered":"<p>Ministerul Afacerilor Externe a precizat pentru \u0218tirile Pro TV cum se pot deplasa rom\u00e2nii \u00een Ungaria. Accesul cet\u0103\u021benilor rom\u00e2ni pe<\/p>\n","protected":false},"author":1,"featured_media":64585,"comment_status":"closed","ping_status":"closed","sticky":false,"template":"","format":"standard","meta":{"spay_email":"","footnotes":"","jetpack_publicize_message":""},"categories":[6],"tags":[],"class_list":["post-64583","post","type-post","status-publish","format-standard","has-post-thumbnail","hentry","category-social"],"jetpack_featured_media_url":"https:\/\/i1.wp.com\/realitatearutiera.ro\/wp-content\/uploads\/2020\/06\/download-1.jpg?fit=275%2C183&ssl=1","jetpack_publicize_connections":[],"jetpack_sharing_enabled":true,"jetpack_shortlink":"https:\/\/wp.me\/p61naM-gNF","jetpack-related-posts":[],"_links":{"self":[{"href":"https:\/\/realitatearutiera.ro\/index.php?rest_route=\/wp\/v2\/posts\/64583","targetHints":{"allow":["GET"]}}],"collection":[{"href":"https:\/\/realitatearutiera.ro\/index.php?rest_route=\/wp\/v2\/posts"}],"about":[{"href":"https:\/\/realitatearutiera.ro\/index.php?rest_route=\/wp\/v2\/types\/post"}],"author":[{"embeddable":true,"href":"https:\/\/realitatearutiera.ro\/index.php?rest_route=\/wp\/v2\/users\/1"}],"replies":[{"embeddable":true,"href":"https:\/\/realitatearutiera.ro\/index.php?rest_route=%2Fwp%2Fv2%2Fcomments&post=64583"}],"version-history":[{"count":1,"href":"https:\/\/realitatearutiera.ro\/index.php?rest_route=\/wp\/v2\/posts\/64583\/revisions"}],"predecessor-version":[{"id":64586,"href":"https:\/\/realitatearutiera.ro\/index.php?rest_route=\/wp\/v2\/posts\/64583\/revisions\/64586"}],"wp:featuredmedia":[{"embeddable":true,"href":"https:\/\/realitatearutiera.ro\/index.php?rest_route=\/wp\/v2\/media\/64585"}],"wp:attachment":[{"href":"https:\/\/realitatearutiera.ro\/index.php?rest_route=%2Fwp%2Fv2%2Fmedia&parent=64583"}],"wp:term":[{"taxonomy":"category","embeddable":true,"href":"https:\/\/realitatearutiera.ro\/index.php?rest_route=%2Fwp%2Fv2%2Fcategories&post=64583"},{"taxonomy":"post_tag","embeddable":true,"href":"https:\/\/realitatearutiera.ro\/index.php?rest_route=%2Fwp%2Fv2%2Ftags&post=64583"}],"curies":[{"name":"wp","href":"https:\/\/api.w.org\/{rel}","templated":true}]}}