{"id":64778,"date":"2020-06-05T08:43:40","date_gmt":"2020-06-05T05:43:40","guid":{"rendered":"http:\/\/realitatearutiera.ro\/?p=64778"},"modified":"2020-06-05T08:49:30","modified_gmt":"2020-06-05T05:49:30","slug":"weekend-prelungit-pentru-elevi-scurta-vacanta-de-rusalii","status":"publish","type":"post","link":"https:\/\/realitatearutiera.ro\/?p=64778","title":{"rendered":"Weekend prelungit pentru elevi. Scurt\u0103 vacan\u021b\u0103 de Rusalii"},"content":{"rendered":"\n<p>Elevii vor avea o mini-vacan\u0163\u0103 de patru zile \u00een acest week-end. Iar acest lucru pentru c\u0103 m\u00e2ine, vineri, 5 iunie, este Ziua \u00eenv\u0103\u0163\u0103torului, iar luni este a doua zi de Rusalii, ultimele fiind zile libere prin lege.<\/p>\n\n\n\n<p>Ziua \u00cenv\u0103\u0163\u0103torului este s\u0103rb\u0103torit\u0103 \u00een fiecare an pe 5 iunie. \u00cen mod normal, dac\u0103 ar fi mers la \u015fcoal\u0103, elevii ar fi participat la evenimentele organizate cu acest prilej \u015fi nu ar fi f\u0103cut ore. Luni, 8 iunie, a doua zi de Rusalii este s\u0103rb\u0103toare na\u0163ional\u0103 \u015fi zi liber\u0103.<\/p>\n\n\n\n<p>Mar\u0163i \u00een schimb, va \u00eencepe ultima s\u0103pt\u0103m\u00e2n\u0103 de cursuri din acest an \u015fcolar, iar s\u00e2mb\u0103t\u0103, 13 iunie, este prima zi a vacan\u0163ei de var\u0103.<\/p>\n\n\n\n<p>Cursurile elevilor din \u00eenv\u0103\u0163\u0103m\u00e2ntul preuniversitar au fost suspendate pe 11 martie din cauza epidemiei de CoVID 19, dar au fost reluate, online, \u00eencep\u00e2nd cu data de 22 aprilie.<\/p>\n","protected":false},"excerpt":{"rendered":"<p>Elevii vor avea o mini-vacan\u0163\u0103 de patru zile \u00een acest week-end. Iar acest lucru pentru c\u0103 m\u00e2ine, vineri, 5 iunie,<\/p>\n","protected":false},"author":1,"featured_media":64781,"comment_status":"closed","ping_status":"closed","sticky":false,"template":"","format":"standard","meta":{"spay_email":"","footnotes":"","jetpack_publicize_message":""},"categories":[6],"tags":[],"class_list":["post-64778","post","type-post","status-publish","format-standard","has-post-thumbnail","hentry","category-social"],"jetpack_featured_media_url":"https:\/\/i1.wp.com\/realitatearutiera.ro\/wp-content\/uploads\/2020\/06\/collage-36.jpg?fit=1100%2C620&ssl=1","jetpack_publicize_connections":[],"jetpack_sharing_enabled":true,"jetpack_shortlink":"https:\/\/wp.me\/p61naM-gQO","jetpack-related-posts":[],"_links":{"self":[{"href":"https:\/\/realitatearutiera.ro\/index.php?rest_route=\/wp\/v2\/posts\/64778","targetHints":{"allow":["GET"]}}],"collection":[{"href":"https:\/\/realitatearutiera.ro\/index.php?rest_route=\/wp\/v2\/posts"}],"about":[{"href":"https:\/\/realitatearutiera.ro\/index.php?rest_route=\/wp\/v2\/types\/post"}],"author":[{"embeddable":true,"href":"https:\/\/realitatearutiera.ro\/index.php?rest_route=\/wp\/v2\/users\/1"}],"replies":[{"embeddable":true,"href":"https:\/\/realitatearutiera.ro\/index.php?rest_route=%2Fwp%2Fv2%2Fcomments&post=64778"}],"version-history":[{"count":1,"href":"https:\/\/realitatearutiera.ro\/index.php?rest_route=\/wp\/v2\/posts\/64778\/revisions"}],"predecessor-version":[{"id":64782,"href":"https:\/\/realitatearutiera.ro\/index.php?rest_route=\/wp\/v2\/posts\/64778\/revisions\/64782"}],"wp:featuredmedia":[{"embeddable":true,"href":"https:\/\/realitatearutiera.ro\/index.php?rest_route=\/wp\/v2\/media\/64781"}],"wp:attachment":[{"href":"https:\/\/realitatearutiera.ro\/index.php?rest_route=%2Fwp%2Fv2%2Fmedia&parent=64778"}],"wp:term":[{"taxonomy":"category","embeddable":true,"href":"https:\/\/realitatearutiera.ro\/index.php?rest_route=%2Fwp%2Fv2%2Fcategories&post=64778"},{"taxonomy":"post_tag","embeddable":true,"href":"https:\/\/realitatearutiera.ro\/index.php?rest_route=%2Fwp%2Fv2%2Ftags&post=64778"}],"curies":[{"name":"wp","href":"https:\/\/api.w.org\/{rel}","templated":true}]}}