{"id":64950,"date":"2020-06-10T10:25:56","date_gmt":"2020-06-10T07:25:56","guid":{"rendered":"http:\/\/realitatearutiera.ro\/?p=64950"},"modified":"2020-06-10T10:25:59","modified_gmt":"2020-06-10T07:25:59","slug":"incepe-testarea-bucurestenilor-pentru-stabilirea-gradului-de-imunizare-la-covid-19","status":"publish","type":"post","link":"https:\/\/realitatearutiera.ro\/?p=64950","title":{"rendered":"\u00cencepe testarea bucure\u0219tenilor pentru stabilirea gradului de imunizare la COVID-19"},"content":{"rendered":"\n<p><strong>Programul \u201eSunt imun la COVID?\u201d debuteaz\u0103, mar\u021bi, la Arena Na\u021bional\u0103, primii 500 de bucure\u0219teni urm\u00e2nd s\u0103 fie testa\u021bi pentru stabilirea gradului de imunizare la COVID-19. \u201d\u00cen cur\u00e2nd vom afla \u00een ce m\u0103sur\u0103 este r\u0103sp\u00e2ndit noul virus la nivelul Capitalei\u201d, a declarat primarul general Gabriela Firea.<\/strong><\/p>\n\n\n\n<p>Programul \u201eSunt imun la COVID?\u201d debuteaz\u0103 mar\u021bi, la Arena Na\u021bional\u0103 unde Primaria Capitalei, prin ASSMB, care a f\u0103cut toate preg\u0103tirile necesare din punct de vedere medical \u0219i logistic, precizeaz\u0103 Prim\u0103ria General\u0103 a Capitalei \u00eentr-un comunicat de pres\u0103.<\/p>\n\n\n\n<p>\u201ePrimii 500 de bucure\u0219teni sunt testa\u021bi ast\u0103zi pentru depistarea de anticorpi Covid. P\u00e2n\u0103 acum, avem 2.000 de persoane \u00eenscrise. Am lansat programul pentru a vedea, pe baze \u0219tiin\u021bifice, c\u00e2\u021bi oameni au fost deja afecta\u021bi, av\u00e2nd \u00een vedere c\u0103 testarea extins\u0103 este singurul mod de realizare a acestui lucru. Procesul de testare este sigur, nedureros \u0219i adaptat rigorilor sanitare din aceast\u0103 perioad\u0103 \u2013 personalul medical verific\u0103 temperatura cu termometru non-contact \u0219i va purta masc\u0103 de protec\u021bie. Medicul recolteaz\u0103 o pic\u0103tur\u0103 de s\u00e2nge din deget, dup\u0103 o dezinfectare prealabil\u0103, cu un ac steril de unic\u0103 folosin\u021b\u0103, printr-o metod\u0103 similar\u0103 celei de verificare a glicemiei la pacien\u021bii diabetici. \u00cen 15 minute, fiecare participant afl\u0103 dac\u0103 are anticorpi, a\u0219adar dac\u0103 a avut infec\u021bia \u0219i a dob\u00e2ndit imunitate la Covid-19\u201d, a declarat primarul general al Capitalei, Gabriela Firea.<\/p>\n\n\n\n<p>Potrivit sursei citate, \u00eenscrierea online continu\u0103 pe pagina&nbsp;<a href=\"https:\/\/assmb.ro\/page\/testareanticorpi\">https:\/\/assmb.ro\/page\/testareanticorpi<\/a>.<br><br>Persoanele testate \u00een cadrul acestui program, \u00een mod voluntar, sunt locuitori ai Capitalei selecta\u021bi prin metoda e\u0219antion\u0103rii \u00eentr-un num\u0103r propor\u021bional cu m\u0103rimea sectorului \u00een care locuiesc.<\/p>\n\n\n\n<p>Rezultatele se vor reg\u0103si, la final, \u00een studiul realizat de Institutul de Boli Infec\u021bioase \u201dProf. Dr. Matei Bal\u0219\u201d.<\/p>\n\n\n\n<p>Metoda de e\u0219antionare a fost elaborat\u0103 de EPIET (Programul European de Training pentru Epidemiologie Interven\u021bional\u0103) \u00een colaborare cu prim\u0103riile de sector din Capital\u0103.<\/p>\n\n\n\n<p>Programul se deruleaz\u0103 \u00een baza unei colabor\u0103ri \u00eentre Institutul Na\u021bional de Boli Infec\u021bioase \u201eProf. dr. Matei Bal\u0219\u201d, PMB, ASSMB \u0219i cele \u0219ase prim\u0103rii de sector, \u00eencheiat\u0103 \u00een data de 27.03.2020.<\/p>\n\n\n\n<p>PMB, prin ASSMB, asigur\u0103, \u00eempreun\u0103 cu prim\u0103riile de sector, sprijinul logistic al ac\u021biunii de testare: achizi\u021bia testelor, organizarea spa\u021biului necesar la Arena Na\u021bional\u0103 \u0219i participarea personalului medical.<\/p>\n\n\n\n<p>\u201d\u00cen ceea ce prive\u0219te stadiul celeilalte campanii, \u201eTest\u0103m pentru Bucure\u0219ti\u201d, derulat\u0103 de Prim\u0103ria Capitalei pentru 11.000 de bucure\u0219teni pentru diagnosticarea infec\u021biei Covid, p\u00e2n\u0103 acum sunt \u00eenscrise 10.829 de persoane \u00een acest program \u0219i 1.540 deja testate. Dintre acestea, doar 2 au fost depistate pozitiv. Testarea molecular\u0103 se face cu aparate Real Time PCR, pe baza probelor luate prin exudat nazo-faringian \u2013 a\u0219adar este vorba de o testare eficient\u0103, aceasta fiind modalitatea de depistare a unei infec\u021bii active cu coronavirus. Prim\u0103ria Capitalei, prin Administra\u021bia Spitalelor \u0219i Serviciilor Medicale, a \u00eencheiat deja parteneriate cu 13 clinici de stat \u0219i private care au dorit s\u0103 intre \u00een acest proiect \u0219i care de\u021bin aparate de testare PCR acreditate de Ministerul S\u0103n\u0103t\u0103\u021bii \u0219i avizate de Direc\u021bia pentru S\u0103n\u0103tate Public\u0103 (DSP)\u201d, mai precizeaz\u0103 PMB.<\/p>\n\n\n\n<p>sursa: digi24.ro<\/p>\n","protected":false},"excerpt":{"rendered":"<p>Programul \u201eSunt imun la COVID?\u201d debuteaz\u0103, mar\u021bi, la Arena Na\u021bional\u0103, primii 500 de bucure\u0219teni urm\u00e2nd s\u0103 fie testa\u021bi pentru stabilirea<\/p>\n","protected":false},"author":1,"featured_media":50756,"comment_status":"closed","ping_status":"closed","sticky":false,"template":"","format":"standard","meta":{"spay_email":"","footnotes":"","jetpack_publicize_message":""},"categories":[6],"tags":[],"class_list":["post-64950","post","type-post","status-publish","format-standard","has-post-thumbnail","hentry","category-social"],"jetpack_featured_media_url":"https:\/\/i0.wp.com\/realitatearutiera.ro\/wp-content\/uploads\/2019\/06\/test-de-sange-e1542709818735.jpg?fit=800%2C533&ssl=1","jetpack_publicize_connections":[],"jetpack_sharing_enabled":true,"jetpack_shortlink":"https:\/\/wp.me\/p61naM-gTA","jetpack-related-posts":[],"_links":{"self":[{"href":"https:\/\/realitatearutiera.ro\/index.php?rest_route=\/wp\/v2\/posts\/64950","targetHints":{"allow":["GET"]}}],"collection":[{"href":"https:\/\/realitatearutiera.ro\/index.php?rest_route=\/wp\/v2\/posts"}],"about":[{"href":"https:\/\/realitatearutiera.ro\/index.php?rest_route=\/wp\/v2\/types\/post"}],"author":[{"embeddable":true,"href":"https:\/\/realitatearutiera.ro\/index.php?rest_route=\/wp\/v2\/users\/1"}],"replies":[{"embeddable":true,"href":"https:\/\/realitatearutiera.ro\/index.php?rest_route=%2Fwp%2Fv2%2Fcomments&post=64950"}],"version-history":[{"count":1,"href":"https:\/\/realitatearutiera.ro\/index.php?rest_route=\/wp\/v2\/posts\/64950\/revisions"}],"predecessor-version":[{"id":64951,"href":"https:\/\/realitatearutiera.ro\/index.php?rest_route=\/wp\/v2\/posts\/64950\/revisions\/64951"}],"wp:featuredmedia":[{"embeddable":true,"href":"https:\/\/realitatearutiera.ro\/index.php?rest_route=\/wp\/v2\/media\/50756"}],"wp:attachment":[{"href":"https:\/\/realitatearutiera.ro\/index.php?rest_route=%2Fwp%2Fv2%2Fmedia&parent=64950"}],"wp:term":[{"taxonomy":"category","embeddable":true,"href":"https:\/\/realitatearutiera.ro\/index.php?rest_route=%2Fwp%2Fv2%2Fcategories&post=64950"},{"taxonomy":"post_tag","embeddable":true,"href":"https:\/\/realitatearutiera.ro\/index.php?rest_route=%2Fwp%2Fv2%2Ftags&post=64950"}],"curies":[{"name":"wp","href":"https:\/\/api.w.org\/{rel}","templated":true}]}}