{"id":65006,"date":"2020-06-11T09:06:16","date_gmt":"2020-06-11T06:06:16","guid":{"rendered":"http:\/\/realitatearutiera.ro\/?p=65006"},"modified":"2020-06-11T09:06:19","modified_gmt":"2020-06-11T06:06:19","slug":"a-fost-creata-bateria-cu-viata-de-2-milioane-de-kilometri","status":"publish","type":"post","link":"https:\/\/realitatearutiera.ro\/?p=65006","title":{"rendered":"A fost creat\u0103 bateria cu via\u021b\u0103 de 2 milioane de kilometri."},"content":{"rendered":"\n<p><strong>Furnizorul de baterii al Tesla a anun\u021bat c\u0103 este gata s\u0103 comercializeze baterii de nou\u0103 genera\u021bie, cu garan\u021bie de p\u00e2n\u0103 la 16 ani.<\/strong><\/p>\n\n\n\n<p>Ma\u0219inile electrice ar putea s\u0103 devin\u0103 \u00een cur\u00e2nd \u0219i mai conving\u0103toare pentru clien\u021bii din \u00eentreaga lume, mul\u021bumit\u0103 noii genera\u021bii de baterii dezvoltate de Contemporary Amperex Technology (Catl).<\/p>\n\n\n\n<p>Oficialii Catl au anun\u021bat c\u0103 sunt preg\u0103ti\u021bi s\u0103 comercializeze un produs cu o durat\u0103 de via\u021b\u0103 de p\u00e2n\u0103 la 2 milioane de kilometri (sau 16 ani). Ca s\u0103 punem \u00een context evolu\u021bia impresionant\u0103 a acestui nou design de baterie, ofertele actuale \u00een cazul bateriilor ma\u0219inilor electrice sunt reprezentate de o garan\u021bie de p\u00e2n\u0103 la 250.000 de kilometri sau 8 ani.<\/p>\n\n\n\n<p>Cu toate c\u0103 pe lista de clien\u021bi ai Catl se num\u0103r\u0103, pe l\u00e2ng\u0103 Tesla, \u0219i BMW, Daimler, Honda, Toyota, Volkswagen \u0219i Volvo, produc\u0103torul american ar putea avea \u00eent\u00e2ietate \u00een folosirea bateriilor de nou\u0103 genera\u021bie, \u00eentruc\u00e2t&nbsp;<a href=\"https:\/\/www.reuters.com\/article\/us-autos-tesla-batteries-exclusive\/exclusive-teslas-secret-batteries-aim-to-rework-the-math-for-electric-cars-and-the-grid-idUSKBN22Q1WC\">zvonuri recente arat\u0103 c\u0103 Tesla a contribuit la dezvoltarea acestora<\/a>.<\/p>\n\n\n\n<p>Cu toate acestea, pre\u0219edintele Catl a declarat \u2014&nbsp;<a href=\"https:\/\/www.bbc.com\/news\/technology-52966178\">citat de BBC<\/a>&nbsp;\u2014 c\u0103 \u201edac\u0103 cineva face o comand\u0103, noi suntem preg\u0103ti\u021bi s\u0103 o producem (<em>n. red.<\/em>&nbsp;bateria)&#8217;. Pre\u021burile sunt, \u00eens\u0103, cu 10% mai mari dec\u00e2t \u00een cazul ofertelor actuale, au men\u021bionat oficialii Catl.<\/p>\n","protected":false},"excerpt":{"rendered":"<p>Furnizorul de baterii al Tesla a anun\u021bat c\u0103 este gata s\u0103 comercializeze baterii de nou\u0103 genera\u021bie, cu garan\u021bie de p\u00e2n\u0103<\/p>\n","protected":false},"author":1,"featured_media":65008,"comment_status":"closed","ping_status":"closed","sticky":false,"template":"","format":"standard","meta":{"spay_email":"","footnotes":"","jetpack_publicize_message":""},"categories":[12],"tags":[],"class_list":["post-65006","post","type-post","status-publish","format-standard","has-post-thumbnail","hentry","category-stiri-internationale"],"jetpack_featured_media_url":"https:\/\/i2.wp.com\/realitatearutiera.ro\/wp-content\/uploads\/2020\/06\/tesla-baterry.jpeg?fit=2076%2C1566&ssl=1","jetpack_publicize_connections":[],"jetpack_sharing_enabled":true,"jetpack_shortlink":"https:\/\/wp.me\/p61naM-gUu","jetpack-related-posts":[],"_links":{"self":[{"href":"https:\/\/realitatearutiera.ro\/index.php?rest_route=\/wp\/v2\/posts\/65006","targetHints":{"allow":["GET"]}}],"collection":[{"href":"https:\/\/realitatearutiera.ro\/index.php?rest_route=\/wp\/v2\/posts"}],"about":[{"href":"https:\/\/realitatearutiera.ro\/index.php?rest_route=\/wp\/v2\/types\/post"}],"author":[{"embeddable":true,"href":"https:\/\/realitatearutiera.ro\/index.php?rest_route=\/wp\/v2\/users\/1"}],"replies":[{"embeddable":true,"href":"https:\/\/realitatearutiera.ro\/index.php?rest_route=%2Fwp%2Fv2%2Fcomments&post=65006"}],"version-history":[{"count":1,"href":"https:\/\/realitatearutiera.ro\/index.php?rest_route=\/wp\/v2\/posts\/65006\/revisions"}],"predecessor-version":[{"id":65009,"href":"https:\/\/realitatearutiera.ro\/index.php?rest_route=\/wp\/v2\/posts\/65006\/revisions\/65009"}],"wp:featuredmedia":[{"embeddable":true,"href":"https:\/\/realitatearutiera.ro\/index.php?rest_route=\/wp\/v2\/media\/65008"}],"wp:attachment":[{"href":"https:\/\/realitatearutiera.ro\/index.php?rest_route=%2Fwp%2Fv2%2Fmedia&parent=65006"}],"wp:term":[{"taxonomy":"category","embeddable":true,"href":"https:\/\/realitatearutiera.ro\/index.php?rest_route=%2Fwp%2Fv2%2Fcategories&post=65006"},{"taxonomy":"post_tag","embeddable":true,"href":"https:\/\/realitatearutiera.ro\/index.php?rest_route=%2Fwp%2Fv2%2Ftags&post=65006"}],"curies":[{"name":"wp","href":"https:\/\/api.w.org\/{rel}","templated":true}]}}