{"id":6503,"date":"2016-01-12T10:09:21","date_gmt":"2016-01-12T07:09:21","guid":{"rendered":"http:\/\/realitatearutiera.ro\/?p=6503"},"modified":"2016-01-12T10:09:21","modified_gmt":"2016-01-12T07:09:21","slug":"politistii-pot-avea-tatuaje-vezi-in-ce-conditii","status":"publish","type":"post","link":"https:\/\/realitatearutiera.ro\/?p=6503","title":{"rendered":"Politistii pot avea TATUAJE !! Vezi in ce conditii !!"},"content":{"rendered":"<p><strong><span style=\"font-family: Arial; font-size: small;\">Poli\u0163ia Rom\u00e2n\u0103 a postat, luni, pe pagina oficial\u0103 de Facebook, un anun\u0163 prin care precizeaz\u0103 c\u0103 poli\u0163i\u015ftii au dreptul s\u0103 aib\u0103 tatuaje, \u00eens\u0103 ascunse complet sub uniform\u0103, anun\u0163ul fiind f\u0103cut \u00een urma unei conversa\u0163ii \u00eentre un poli\u0163ist \u015fi un t\u00e2n\u0103r agramat, interesat s\u0103 candideze la Academia de Poli\u0163ie.<\/span><\/strong><\/p>\n<p>Anun\u0163ul de pe re\u0163eaua de socializare al Poli\u0163iei Rom\u00e2ne a fost f\u0103cut dup\u0103 ce poli\u0163istul Marian Godina, de la Serviciul Rutier Bra\u015fov, devenit cunoscut \u00een mediul virtual pentru povestirile sale hazlii din timpul serviciului, a postat pe Facebook o discu\u0163ie purtat\u0103 cu un t\u00e2n\u0103r agramat, care voia s\u0103 afle dac\u0103 poate s\u0103 candideze la Academia de Poli\u0163ie \u00een condi\u0163iile \u00een care are un tatuaj pe spate, transmite corespondentul MEDIAFAX.<\/p>\n<p>&nbsp;<\/p>\n","protected":false},"excerpt":{"rendered":"<p>Poli\u0163ia Rom\u00e2n\u0103 a postat, luni, pe pagina oficial\u0103 de Facebook, un anun\u0163 prin care precizeaz\u0103 c\u0103 poli\u0163i\u015ftii au dreptul s\u0103<\/p>\n","protected":false},"author":1,"featured_media":6504,"comment_status":"open","ping_status":"open","sticky":false,"template":"","format":"standard","meta":{"spay_email":"","footnotes":"","jetpack_publicize_message":""},"categories":[11],"tags":[],"class_list":["post-6503","post","type-post","status-publish","format-standard","has-post-thumbnail","hentry","category-stiri-interne"],"jetpack_featured_media_url":"https:\/\/i0.wp.com\/realitatearutiera.ro\/wp-content\/uploads\/2016\/01\/politisti.jpg?fit=1500%2C996&ssl=1","jetpack_publicize_connections":[],"jetpack_sharing_enabled":true,"jetpack_shortlink":"https:\/\/wp.me\/p61naM-1GT","jetpack-related-posts":[],"_links":{"self":[{"href":"https:\/\/realitatearutiera.ro\/index.php?rest_route=\/wp\/v2\/posts\/6503","targetHints":{"allow":["GET"]}}],"collection":[{"href":"https:\/\/realitatearutiera.ro\/index.php?rest_route=\/wp\/v2\/posts"}],"about":[{"href":"https:\/\/realitatearutiera.ro\/index.php?rest_route=\/wp\/v2\/types\/post"}],"author":[{"embeddable":true,"href":"https:\/\/realitatearutiera.ro\/index.php?rest_route=\/wp\/v2\/users\/1"}],"replies":[{"embeddable":true,"href":"https:\/\/realitatearutiera.ro\/index.php?rest_route=%2Fwp%2Fv2%2Fcomments&post=6503"}],"version-history":[{"count":1,"href":"https:\/\/realitatearutiera.ro\/index.php?rest_route=\/wp\/v2\/posts\/6503\/revisions"}],"predecessor-version":[{"id":6505,"href":"https:\/\/realitatearutiera.ro\/index.php?rest_route=\/wp\/v2\/posts\/6503\/revisions\/6505"}],"wp:featuredmedia":[{"embeddable":true,"href":"https:\/\/realitatearutiera.ro\/index.php?rest_route=\/wp\/v2\/media\/6504"}],"wp:attachment":[{"href":"https:\/\/realitatearutiera.ro\/index.php?rest_route=%2Fwp%2Fv2%2Fmedia&parent=6503"}],"wp:term":[{"taxonomy":"category","embeddable":true,"href":"https:\/\/realitatearutiera.ro\/index.php?rest_route=%2Fwp%2Fv2%2Fcategories&post=6503"},{"taxonomy":"post_tag","embeddable":true,"href":"https:\/\/realitatearutiera.ro\/index.php?rest_route=%2Fwp%2Fv2%2Ftags&post=6503"}],"curies":[{"name":"wp","href":"https:\/\/api.w.org\/{rel}","templated":true}]}}