{"id":65234,"date":"2020-06-17T08:53:11","date_gmt":"2020-06-17T05:53:11","guid":{"rendered":"http:\/\/realitatearutiera.ro\/?p=65234"},"modified":"2020-06-17T08:53:13","modified_gmt":"2020-06-17T05:53:13","slug":"un-sofer-fara-permis-a-intrat-cu-masina-in-lanul-de-porumb","status":"publish","type":"post","link":"https:\/\/realitatearutiera.ro\/?p=65234","title":{"rendered":"Un \u0219ofer f\u0103r\u0103 permis a intrat cu ma\u0219ina \u00een lanul de porumb"},"content":{"rendered":"\n<p>Trei persoane, printre care o feti\u0163\u0103 de cinci ani, au fost r\u0103nite \u00eentr-un accident de circula\u0163ie, care a avut loc pe o \u015fosea din D\u00e2mbovi\u0163a.<\/p>\n\n\n\n<p>La volan se afla tat\u0103l copilei, care ar fi sc\u0103pat ma\u015fina de sub control \u00eentr-o curb\u0103 periculoas\u0103. Afar\u0103 ploua, iar asfaltul era acoperit de ap\u0103, a\u015fa c\u0103 ma\u015fina a derapat, s-a r\u0103sturnat \u015fi a ajuns \u00eentr-un lan de porumb.<\/p>\n\n\n\n<p>Nu mic\u0103 le-a fost mirarea poli\u021bi\u0219tilor c\u00e2nd au aflat c\u0103 b\u0103rbatul nu avea permis de conducere. Acum, pe numele lui a fost deschis un dosar penal.<\/p>\n\n\n\n<p>Sursa:stirileprotv<\/p>\n","protected":false},"excerpt":{"rendered":"<p>Trei persoane, printre care o feti\u0163\u0103 de cinci ani, au fost r\u0103nite \u00eentr-un accident de circula\u0163ie, care a avut loc<\/p>\n","protected":false},"author":1,"featured_media":65237,"comment_status":"closed","ping_status":"closed","sticky":false,"template":"","format":"standard","meta":{"spay_email":"","footnotes":"","jetpack_publicize_message":""},"categories":[1],"tags":[],"class_list":["post-65234","post","type-post","status-publish","format-standard","has-post-thumbnail","hentry","category-uncategorized"],"jetpack_featured_media_url":"https:\/\/i2.wp.com\/realitatearutiera.ro\/wp-content\/uploads\/2020\/06\/download-2-2.jpg?fit=284%2C178&ssl=1","jetpack_publicize_connections":[],"jetpack_sharing_enabled":true,"jetpack_shortlink":"https:\/\/wp.me\/p61naM-gYa","jetpack-related-posts":[],"_links":{"self":[{"href":"https:\/\/realitatearutiera.ro\/index.php?rest_route=\/wp\/v2\/posts\/65234","targetHints":{"allow":["GET"]}}],"collection":[{"href":"https:\/\/realitatearutiera.ro\/index.php?rest_route=\/wp\/v2\/posts"}],"about":[{"href":"https:\/\/realitatearutiera.ro\/index.php?rest_route=\/wp\/v2\/types\/post"}],"author":[{"embeddable":true,"href":"https:\/\/realitatearutiera.ro\/index.php?rest_route=\/wp\/v2\/users\/1"}],"replies":[{"embeddable":true,"href":"https:\/\/realitatearutiera.ro\/index.php?rest_route=%2Fwp%2Fv2%2Fcomments&post=65234"}],"version-history":[{"count":1,"href":"https:\/\/realitatearutiera.ro\/index.php?rest_route=\/wp\/v2\/posts\/65234\/revisions"}],"predecessor-version":[{"id":65238,"href":"https:\/\/realitatearutiera.ro\/index.php?rest_route=\/wp\/v2\/posts\/65234\/revisions\/65238"}],"wp:featuredmedia":[{"embeddable":true,"href":"https:\/\/realitatearutiera.ro\/index.php?rest_route=\/wp\/v2\/media\/65237"}],"wp:attachment":[{"href":"https:\/\/realitatearutiera.ro\/index.php?rest_route=%2Fwp%2Fv2%2Fmedia&parent=65234"}],"wp:term":[{"taxonomy":"category","embeddable":true,"href":"https:\/\/realitatearutiera.ro\/index.php?rest_route=%2Fwp%2Fv2%2Fcategories&post=65234"},{"taxonomy":"post_tag","embeddable":true,"href":"https:\/\/realitatearutiera.ro\/index.php?rest_route=%2Fwp%2Fv2%2Ftags&post=65234"}],"curies":[{"name":"wp","href":"https:\/\/api.w.org\/{rel}","templated":true}]}}