{"id":65486,"date":"2020-06-23T08:38:06","date_gmt":"2020-06-23T05:38:06","guid":{"rendered":"http:\/\/realitatearutiera.ro\/?p=65486"},"modified":"2020-06-23T08:38:08","modified_gmt":"2020-06-23T05:38:08","slug":"un-barbat-fara-permis-a-intrat-cu-masina-intr-o-casa-si-un-copac-dupa-o-urmarire-cu-politia","status":"publish","type":"post","link":"https:\/\/realitatearutiera.ro\/?p=65486","title":{"rendered":"Un b\u0103rbat f\u0103r\u0103 permis a intrat cu ma\u015fina \u00eentr-o cas\u0103 \u015fi un copac, dup\u0103 o urm\u0103rire cu poli\u021bia"},"content":{"rendered":"\n<p><strong>Un b\u0103rbat de 32 de ani a fost urm\u0103rit de poli\u0163i\u015fti, luni sear\u0103, pe str\u0103zile din municipiul Arad, pentru c\u0103 nu a oprit la semnalele agen\u0163ilor. B\u0103rbatul s-a izbit cu ma\u0219ina de o cas\u0103 \u015fi un copac, \u00eenainte s\u0103 fie prins<\/strong>.<\/p>\n\n\n\n<p>Incidentul a avut loc \u00een zona istoric\u0103 a municipiului Arad, dup\u0103 ce poli\u0163i\u015ftii au \u00eencercat s\u0103 opreasc\u0103 ma\u015fina \u00een trafic pentru verific\u0103ri. \u015eoferul nu a oprit, a continuat s\u0103 accelereze \u015fi a pierdut controlul volanului pe strada Grigore Alexandrescu, unde s-a izbit de o cas\u0103.<\/p>\n\n\n\n<p>\u201eUlterior, \u015fi-a continuat deplasarea cu autoturismul p\u00e2n\u0103 pe strada Academia Teologic\u0103, unde a intrat \u00een coliziune cu un pom \u015fi a rico\u015fat \u00eentr-un autoturism. B\u0103rbatul a fost imobilizat de poli\u0163i\u015fti \u00een curtea Liceului Teologic, fiind condus la sediul IPJ Arad pentru luarea m\u0103surilor legale care se impun\u201d, a spus purt\u0103torul de cuv\u00e2nt al Inspectoratului de Poli\u0163ie Jude\u0163ean (IPJ), Adina Aconstantinesei.<\/p>\n\n\n\n<p>\u00cen urma primelor verific\u0103ri efectuate, s-a constatat c\u0103 b\u0103rbatul nu de\u0163ine permis de conducere.<\/p>\n\n\n\n<p>Sursa:digi24<\/p>\n","protected":false},"excerpt":{"rendered":"<p>Un b\u0103rbat de 32 de ani a fost urm\u0103rit de poli\u0163i\u015fti, luni sear\u0103, pe str\u0103zile din municipiul Arad, pentru c\u0103<\/p>\n","protected":false},"author":1,"featured_media":65489,"comment_status":"closed","ping_status":"closed","sticky":false,"template":"","format":"standard","meta":{"spay_email":"","footnotes":"","jetpack_publicize_message":""},"categories":[6],"tags":[],"class_list":["post-65486","post","type-post","status-publish","format-standard","has-post-thumbnail","hentry","category-social"],"jetpack_featured_media_url":"https:\/\/i1.wp.com\/realitatearutiera.ro\/wp-content\/uploads\/2020\/06\/politia_4.jpg?fit=580%2C435&ssl=1","jetpack_publicize_connections":[],"jetpack_sharing_enabled":true,"jetpack_shortlink":"https:\/\/wp.me\/p61naM-h2e","jetpack-related-posts":[],"_links":{"self":[{"href":"https:\/\/realitatearutiera.ro\/index.php?rest_route=\/wp\/v2\/posts\/65486","targetHints":{"allow":["GET"]}}],"collection":[{"href":"https:\/\/realitatearutiera.ro\/index.php?rest_route=\/wp\/v2\/posts"}],"about":[{"href":"https:\/\/realitatearutiera.ro\/index.php?rest_route=\/wp\/v2\/types\/post"}],"author":[{"embeddable":true,"href":"https:\/\/realitatearutiera.ro\/index.php?rest_route=\/wp\/v2\/users\/1"}],"replies":[{"embeddable":true,"href":"https:\/\/realitatearutiera.ro\/index.php?rest_route=%2Fwp%2Fv2%2Fcomments&post=65486"}],"version-history":[{"count":1,"href":"https:\/\/realitatearutiera.ro\/index.php?rest_route=\/wp\/v2\/posts\/65486\/revisions"}],"predecessor-version":[{"id":65490,"href":"https:\/\/realitatearutiera.ro\/index.php?rest_route=\/wp\/v2\/posts\/65486\/revisions\/65490"}],"wp:featuredmedia":[{"embeddable":true,"href":"https:\/\/realitatearutiera.ro\/index.php?rest_route=\/wp\/v2\/media\/65489"}],"wp:attachment":[{"href":"https:\/\/realitatearutiera.ro\/index.php?rest_route=%2Fwp%2Fv2%2Fmedia&parent=65486"}],"wp:term":[{"taxonomy":"category","embeddable":true,"href":"https:\/\/realitatearutiera.ro\/index.php?rest_route=%2Fwp%2Fv2%2Fcategories&post=65486"},{"taxonomy":"post_tag","embeddable":true,"href":"https:\/\/realitatearutiera.ro\/index.php?rest_route=%2Fwp%2Fv2%2Ftags&post=65486"}],"curies":[{"name":"wp","href":"https:\/\/api.w.org\/{rel}","templated":true}]}}