{"id":65504,"date":"2020-06-23T10:14:35","date_gmt":"2020-06-23T07:14:35","guid":{"rendered":"http:\/\/realitatearutiera.ro\/?p=65504"},"modified":"2020-06-23T10:14:38","modified_gmt":"2020-06-23T07:14:38","slug":"tir-plin-cu-masini-oprit-de-o-magistrala-de-gaze-pentru-a-nu-ajunge-intr-o-rapa-pe-valea-oltului","status":"publish","type":"post","link":"https:\/\/realitatearutiera.ro\/?p=65504","title":{"rendered":"TIR plin cu ma\u015fini oprit de o magistral\u0103 de gaze, pentru a nu ajunge \u00eentr-o r\u00e2p\u0103, pe Valea Oltului"},"content":{"rendered":"\n<p>Un incident rutier s-a petrecut mar\u0163i diminea\u0163a, 23 iunie, pe Valea Oltului, pe \u015foseaua de centur\u0103 a sta\u0163iunii C\u0103lim\u0103ne\u015fti &#8211; C\u0103ciulata din jude\u0163ul V\u00e2lcea. <\/p>\n\n\n\n<p> Evenimentul s-a produs pe DN 7CC, la km 1 + 130 m, \u00een C\u0103lim\u0103ne\u015fti \u015fi s-a soldat doar cu pagube materiale. Potrivit autorit\u0103\u0163ilor, \u015foferul TIR-ului nu a adaptat viteza \u00een func\u0163ie de condi\u0163iile drumului, carosabilul fiind umed de la ploaie, iar vehiculul a ie\u015fit de pe \u015fosea. S-a oprit \u00eentr-o magistral\u0103 de gaz, de pe un pod, sub care se afla un canal, al unui p\u00e2r\u00e2u care se vars\u0103 \u00een Olt. Printr-un miracol, nimeni nu a p\u0103\u0163it nimic, iar conducta nu a fost avariat\u0103. La fa\u0163a locului au fost trimise mai multe echipaje de la ISU, Poli\u0163ie \u015fi Ambulan\u0163\u0103 pentru interven\u0163ie. Drumul pe care s-a petrecut incidentul ocole\u015fte sta\u0163iunea C\u0103lim\u0103ne\u015fti &#8211; C\u0103ciulata, fiind o variant\u0103 pentru traficul greu care tranziteaz\u0103 DN 7 \/ E 81.\u00a0\u00a0<\/p>\n\n\n\n<p> \u201eUn autocamion nu adapteaz\u0103 viteza la condi\u0163iile de drum \u015fi intr\u0103 \u00een parapetul de beton din dreapta lui. F\u0103r\u0103 victime, se circul\u0103 \u00een ambele sensuri\u201d, a transmis purt\u0103torul de cuv\u00e2nt al Inspectoratului Jude\u0163ean de Poli\u0163ie V\u00e2lcea, C\u0103t\u0103lin Udrea.\u00a0 <\/p>\n\n\n\n<p>Reprezentan\u0163ii Inspectoratului Jude\u0163ean pentru Situa\u0163ii de Urgen\u0163\u0103 V\u00e2lcea au mai ad\u0103ugat \u015fi faptul c\u0103: \u201eTransportatorul de ma\u015fini a intrat \u00eentr-o magistral\u0103 de gaze\u201d. Dup\u0103 cum se observ\u0103 \u015fi din fotografii doar conducta a stat \u00eentre TIR \u015fi canalul de ap\u0103 \u00een care ar fi putut s\u0103 cad\u0103. <\/p>\n\n\n\n<figure class=\"wp-block-image\"><img decoding=\"async\" src=\"https:\/\/i0.wp.com\/adevarul.ro\/assets\/adevarul.ro\/MRImage\/2020\/06\/23\/5ef1a0a85163ec427135f1c3\/646x404.jpg?w=800&#038;ssl=1\" alt=\"\" data-recalc-dims=\"1\"\/><\/figure>\n\n\n\n<p>\u201eDin primele informa\u0163ii, nu au existat sc\u0103p\u0103ri de gaze. Intervin SVSU (Serviciul de voluntari pentru situa\u0163ii de urgen\u0163\u0103) C\u0103lim\u0103ne\u015fti \u015fi pompierii militari cu o autospecial\u0103 de stingere pentru asigurarea m\u0103surilor de ap\u0103rare \u00eempotriva incendiilor. A fost anun\u0163at \u015fi distribuitorul de gaz\u201d, a precizat purt\u0103torul de cuv\u00e2nt al ISU V\u00e2lcea, C\u0103t\u0103lin Popescu.\u00a0<\/p>\n\n\n\n<p>Sursa:adevarul<\/p>\n","protected":false},"excerpt":{"rendered":"<p>Un incident rutier s-a petrecut mar\u0163i diminea\u0163a, 23 iunie, pe Valea Oltului, pe \u015foseaua de centur\u0103 a sta\u0163iunii C\u0103lim\u0103ne\u015fti &#8211;<\/p>\n","protected":false},"author":1,"featured_media":65505,"comment_status":"closed","ping_status":"closed","sticky":false,"template":"","format":"standard","meta":{"spay_email":"","footnotes":"","jetpack_publicize_message":""},"categories":[1],"tags":[],"class_list":["post-65504","post","type-post","status-publish","format-standard","has-post-thumbnail","hentry","category-uncategorized"],"jetpack_featured_media_url":"https:\/\/i0.wp.com\/realitatearutiera.ro\/wp-content\/uploads\/2020\/06\/646x404-1-2.jpg?fit=646%2C404&ssl=1","jetpack_publicize_connections":[],"jetpack_sharing_enabled":true,"jetpack_shortlink":"https:\/\/wp.me\/p61naM-h2w","jetpack-related-posts":[],"_links":{"self":[{"href":"https:\/\/realitatearutiera.ro\/index.php?rest_route=\/wp\/v2\/posts\/65504","targetHints":{"allow":["GET"]}}],"collection":[{"href":"https:\/\/realitatearutiera.ro\/index.php?rest_route=\/wp\/v2\/posts"}],"about":[{"href":"https:\/\/realitatearutiera.ro\/index.php?rest_route=\/wp\/v2\/types\/post"}],"author":[{"embeddable":true,"href":"https:\/\/realitatearutiera.ro\/index.php?rest_route=\/wp\/v2\/users\/1"}],"replies":[{"embeddable":true,"href":"https:\/\/realitatearutiera.ro\/index.php?rest_route=%2Fwp%2Fv2%2Fcomments&post=65504"}],"version-history":[{"count":1,"href":"https:\/\/realitatearutiera.ro\/index.php?rest_route=\/wp\/v2\/posts\/65504\/revisions"}],"predecessor-version":[{"id":65506,"href":"https:\/\/realitatearutiera.ro\/index.php?rest_route=\/wp\/v2\/posts\/65504\/revisions\/65506"}],"wp:featuredmedia":[{"embeddable":true,"href":"https:\/\/realitatearutiera.ro\/index.php?rest_route=\/wp\/v2\/media\/65505"}],"wp:attachment":[{"href":"https:\/\/realitatearutiera.ro\/index.php?rest_route=%2Fwp%2Fv2%2Fmedia&parent=65504"}],"wp:term":[{"taxonomy":"category","embeddable":true,"href":"https:\/\/realitatearutiera.ro\/index.php?rest_route=%2Fwp%2Fv2%2Fcategories&post=65504"},{"taxonomy":"post_tag","embeddable":true,"href":"https:\/\/realitatearutiera.ro\/index.php?rest_route=%2Fwp%2Fv2%2Ftags&post=65504"}],"curies":[{"name":"wp","href":"https:\/\/api.w.org\/{rel}","templated":true}]}}