{"id":65512,"date":"2020-06-24T08:18:36","date_gmt":"2020-06-24T05:18:36","guid":{"rendered":"http:\/\/realitatearutiera.ro\/?p=65512"},"modified":"2020-06-24T08:18:39","modified_gmt":"2020-06-24T05:18:39","slug":"accident-grav-la-iesirea-din-targoviste-cum-s-a-rasturnat-o-femeie-cu-masina","status":"publish","type":"post","link":"https:\/\/realitatearutiera.ro\/?p=65512","title":{"rendered":"Accident grav la ie\u0219irea din T\u00e2rgovi\u0219te. Cum s-a r\u0103sturnat o femeie cu ma\u0219ina"},"content":{"rendered":"\n<p>Accident pe \u0219osea, la ie\u0219irea din T\u00e2rgovi\u0219te spre C\u00e2mpulung. O \u0219oferi\u021b\u0103 \u00een v\u00e2rsta de 41 de ani s-a r\u0103sturnat cu ma\u0219ina dup\u0103 ce a pierdut controlul volanului.<\/p>\n\n\n\n<figure class=\"wp-block-image\"><img decoding=\"async\" src=\"https:\/\/i2.wp.com\/image.stirileprotv.ro\/media\/images\/680xX\/Jun2020\/62132943.jpg?w=800&#038;ssl=1\" alt=\"Accident grav la ie\u0219irea din T\u00e2rgovi\u0219te. O femeie s-a r\u0103sturnat cu ma\u0219ina\" data-recalc-dims=\"1\"\/><\/figure>\n\n\n\n<p>Poli\u021bi\u0219tii spun c\u0103 femeia nu ar fi adaptat viteza la condi\u021biile de drum, a intrat \u00een balans, iar ulterior nu a mai st\u0103p\u00e2nit autoturismul.<\/p>\n\n\n\n<p>Din fericire, a sc\u0103pat doar cu c\u00e2teva r\u0103ni u\u0219oare. Cei afla\u021bi \u00een trafic au ajutat-o s\u0103 ias\u0103 din ma\u0219in\u0103 \u0219i au sunat la 112 dup\u0103 ajutor.<\/p>\n\n\n\n<p>Un echipaj de la Ambulan\u021b\u0103 a transportat-o la spitalul jude\u021bean de urgent\u0103 din T\u00e2rgovi\u0219te, unde a fost investigat\u0103 \u0219i a primit \u00eengrijiri medicale.<\/p>\n\n\n\n<p>Sursa:stirileprotv<\/p>\n","protected":false},"excerpt":{"rendered":"<p>Accident pe \u0219osea, la ie\u0219irea din T\u00e2rgovi\u0219te spre C\u00e2mpulung. O \u0219oferi\u021b\u0103 \u00een v\u00e2rsta de 41 de ani s-a r\u0103sturnat cu<\/p>\n","protected":false},"author":1,"featured_media":57695,"comment_status":"closed","ping_status":"closed","sticky":false,"template":"","format":"standard","meta":{"spay_email":"","footnotes":"","jetpack_publicize_message":""},"categories":[1],"tags":[],"class_list":["post-65512","post","type-post","status-publish","format-standard","has-post-thumbnail","hentry","category-uncategorized"],"jetpack_featured_media_url":"https:\/\/i1.wp.com\/realitatearutiera.ro\/wp-content\/uploads\/2019\/12\/accident-politie-300x168.jpg?fit=300%2C168&ssl=1","jetpack_publicize_connections":[],"jetpack_sharing_enabled":true,"jetpack_shortlink":"https:\/\/wp.me\/p61naM-h2E","jetpack-related-posts":[],"_links":{"self":[{"href":"https:\/\/realitatearutiera.ro\/index.php?rest_route=\/wp\/v2\/posts\/65512","targetHints":{"allow":["GET"]}}],"collection":[{"href":"https:\/\/realitatearutiera.ro\/index.php?rest_route=\/wp\/v2\/posts"}],"about":[{"href":"https:\/\/realitatearutiera.ro\/index.php?rest_route=\/wp\/v2\/types\/post"}],"author":[{"embeddable":true,"href":"https:\/\/realitatearutiera.ro\/index.php?rest_route=\/wp\/v2\/users\/1"}],"replies":[{"embeddable":true,"href":"https:\/\/realitatearutiera.ro\/index.php?rest_route=%2Fwp%2Fv2%2Fcomments&post=65512"}],"version-history":[{"count":1,"href":"https:\/\/realitatearutiera.ro\/index.php?rest_route=\/wp\/v2\/posts\/65512\/revisions"}],"predecessor-version":[{"id":65513,"href":"https:\/\/realitatearutiera.ro\/index.php?rest_route=\/wp\/v2\/posts\/65512\/revisions\/65513"}],"wp:featuredmedia":[{"embeddable":true,"href":"https:\/\/realitatearutiera.ro\/index.php?rest_route=\/wp\/v2\/media\/57695"}],"wp:attachment":[{"href":"https:\/\/realitatearutiera.ro\/index.php?rest_route=%2Fwp%2Fv2%2Fmedia&parent=65512"}],"wp:term":[{"taxonomy":"category","embeddable":true,"href":"https:\/\/realitatearutiera.ro\/index.php?rest_route=%2Fwp%2Fv2%2Fcategories&post=65512"},{"taxonomy":"post_tag","embeddable":true,"href":"https:\/\/realitatearutiera.ro\/index.php?rest_route=%2Fwp%2Fv2%2Ftags&post=65512"}],"curies":[{"name":"wp","href":"https:\/\/api.w.org\/{rel}","templated":true}]}}