{"id":65747,"date":"2020-06-30T08:37:47","date_gmt":"2020-06-30T05:37:47","guid":{"rendered":"http:\/\/realitatearutiera.ro\/?p=65747"},"modified":"2020-06-30T08:37:50","modified_gmt":"2020-06-30T05:37:50","slug":"restrictii-autostrada-lucrari-de-reparatii-pe-a2","status":"publish","type":"post","link":"https:\/\/realitatearutiera.ro\/?p=65747","title":{"rendered":"Restric\u021bii autostrad\u0103. Lucr\u0103ri de repara\u021bii pe A2"},"content":{"rendered":"\n<p><strong>Centrul INFOTRAFIC din Inspectoratul General al Poli\u0163iei Rom\u00e2ne&nbsp;<\/strong>informeaz\u0103 c\u0103, timp de dou\u0103 zile, se execut\u0103 lucr\u0103ri de repara\u021bii la partea carosabil\u0103 pe autostrada A2 &nbsp;Bucure\u015fti \u2013 Constan\u0163a, pe sensul c\u0103tre litoral, la kilometrul 143+300 de metri, ora\u0219ul Fete\u0219ti, jude\u021bul Ialomi\u021ba. Astfel, banda de urgen\u021b\u0103 \u0219i banda unu sunt restric\u021bionate p\u00e2n\u0103 la finalizarea lucr\u0103rilor.<\/p>\n\n\n\n<p>De asemenea, pe sensul c\u0103tre Capital\u0103 al autostr\u0103zii A2 Bucure\u0219ti-Constan\u021ba, la kilometrii 178+700 de metri (comuna Pe\u0219tera, jud. Constan\u021ba) \u0219i 163+500 de metri (ora\u0219ul Cernavod\u0103, jud. Constan\u021ba), ast\u0103zi, \u00een intervalul orar 10:00 \u2013 14:00, se execut\u0103 lucr\u0103ri de repara\u021bii la parapetul metalic, banda doi fiind restric\u021bionat\u0103.<\/p>\n","protected":false},"excerpt":{"rendered":"<p>Centrul INFOTRAFIC din Inspectoratul General al Poli\u0163iei Rom\u00e2ne&nbsp;informeaz\u0103 c\u0103, timp de dou\u0103 zile, se execut\u0103 lucr\u0103ri de repara\u021bii la partea<\/p>\n","protected":false},"author":1,"featured_media":63874,"comment_status":"closed","ping_status":"closed","sticky":false,"template":"","format":"standard","meta":{"spay_email":"","footnotes":"","jetpack_publicize_message":""},"categories":[54],"tags":[],"class_list":["post-65747","post","type-post","status-publish","format-standard","has-post-thumbnail","hentry","category-informatii-rutiere"],"jetpack_featured_media_url":"https:\/\/i0.wp.com\/realitatearutiera.ro\/wp-content\/uploads\/2020\/05\/1200px-A2-RO.svg_.png?fit=1200%2C900&ssl=1","jetpack_publicize_connections":[],"jetpack_sharing_enabled":true,"jetpack_shortlink":"https:\/\/wp.me\/p61naM-h6r","jetpack-related-posts":[],"_links":{"self":[{"href":"https:\/\/realitatearutiera.ro\/index.php?rest_route=\/wp\/v2\/posts\/65747","targetHints":{"allow":["GET"]}}],"collection":[{"href":"https:\/\/realitatearutiera.ro\/index.php?rest_route=\/wp\/v2\/posts"}],"about":[{"href":"https:\/\/realitatearutiera.ro\/index.php?rest_route=\/wp\/v2\/types\/post"}],"author":[{"embeddable":true,"href":"https:\/\/realitatearutiera.ro\/index.php?rest_route=\/wp\/v2\/users\/1"}],"replies":[{"embeddable":true,"href":"https:\/\/realitatearutiera.ro\/index.php?rest_route=%2Fwp%2Fv2%2Fcomments&post=65747"}],"version-history":[{"count":1,"href":"https:\/\/realitatearutiera.ro\/index.php?rest_route=\/wp\/v2\/posts\/65747\/revisions"}],"predecessor-version":[{"id":65748,"href":"https:\/\/realitatearutiera.ro\/index.php?rest_route=\/wp\/v2\/posts\/65747\/revisions\/65748"}],"wp:featuredmedia":[{"embeddable":true,"href":"https:\/\/realitatearutiera.ro\/index.php?rest_route=\/wp\/v2\/media\/63874"}],"wp:attachment":[{"href":"https:\/\/realitatearutiera.ro\/index.php?rest_route=%2Fwp%2Fv2%2Fmedia&parent=65747"}],"wp:term":[{"taxonomy":"category","embeddable":true,"href":"https:\/\/realitatearutiera.ro\/index.php?rest_route=%2Fwp%2Fv2%2Fcategories&post=65747"},{"taxonomy":"post_tag","embeddable":true,"href":"https:\/\/realitatearutiera.ro\/index.php?rest_route=%2Fwp%2Fv2%2Ftags&post=65747"}],"curies":[{"name":"wp","href":"https:\/\/api.w.org\/{rel}","templated":true}]}}