{"id":65819,"date":"2020-07-01T08:50:36","date_gmt":"2020-07-01T05:50:36","guid":{"rendered":"http:\/\/realitatearutiera.ro\/?p=65819"},"modified":"2020-07-01T08:50:39","modified_gmt":"2020-07-01T05:50:39","slug":"accident-rutier-grav-in-cluj-trei-persoane-au-decedat-dupa-impactul-dintre-o-masina-si-un-tir","status":"publish","type":"post","link":"https:\/\/realitatearutiera.ro\/?p=65819","title":{"rendered":"Accident rutier grav \u00een Cluj! Trei persoane au decedat dup\u0103 impactul dintre o ma\u0219in\u0103 \u0219i un TIR"},"content":{"rendered":"\n<p><strong>Trei persoane au murit, miercuri diminea\u021b\u0103, dup\u0103 ce o ma\u0219in\u0103 \u0219i un TIR s-au ciocnit pe centura V\u00e2lcele-Apahida din jude\u021bul Cluj.<\/strong><\/p>\n\n\n\n<p>Conform Poli\u021biei Cluj, accidentul rutier grav s-a produs pe centura V\u00e2lcele-Apahida \u00eentre un TIR \u0219i un atutoturism.<\/p>\n\n\n\n<p>Primele informa\u021bii arat\u0103 c\u0103 trei persoane au murit, potrivit Mediafax.ro.<\/p>\n\n\n\n<p>Traficul este blocat pe ambele sensuri.<\/p>\n\n\n\n<p>Pompierii spun c\u0103 au g\u0103sit TIR-ul avariat \u0219i autoturismul proiectat \u00een afara drumului. Cei din ma\u0219in\u0103 erau bloca\u021bi \u00een aceasta.<\/p>\n\n\n\n<p>Echipajele medicale au constatat decesul a doi dintre ocupan\u021bi, un b\u0103rbat \u0219i o femeie de 40 de ani, \u0219i au \u00eenceput manevrele de descarcerare pentru a treia persoan\u0103 care, ini\u021bial, a p\u0103rut c\u0103 are semnale vitale. Pe timpul manevrelor de descarcerare s-a constatat c\u0103 \u0219i aceasta era decedat\u0103.<ins><\/ins><\/p>\n","protected":false},"excerpt":{"rendered":"<p>Trei persoane au murit, miercuri diminea\u021b\u0103, dup\u0103 ce o ma\u0219in\u0103 \u0219i un TIR s-au ciocnit pe centura V\u00e2lcele-Apahida din jude\u021bul<\/p>\n","protected":false},"author":1,"featured_media":64422,"comment_status":"closed","ping_status":"closed","sticky":false,"template":"","format":"standard","meta":{"spay_email":"","footnotes":"","jetpack_publicize_message":""},"categories":[1],"tags":[],"class_list":["post-65819","post","type-post","status-publish","format-standard","has-post-thumbnail","hentry","category-uncategorized"],"jetpack_featured_media_url":"https:\/\/i2.wp.com\/realitatearutiera.ro\/wp-content\/uploads\/2020\/05\/accident-rutier-valcea_849f6-1.jpeg?fit=820%2C584&ssl=1","jetpack_publicize_connections":[],"jetpack_sharing_enabled":true,"jetpack_shortlink":"https:\/\/wp.me\/p61naM-h7B","jetpack-related-posts":[],"_links":{"self":[{"href":"https:\/\/realitatearutiera.ro\/index.php?rest_route=\/wp\/v2\/posts\/65819","targetHints":{"allow":["GET"]}}],"collection":[{"href":"https:\/\/realitatearutiera.ro\/index.php?rest_route=\/wp\/v2\/posts"}],"about":[{"href":"https:\/\/realitatearutiera.ro\/index.php?rest_route=\/wp\/v2\/types\/post"}],"author":[{"embeddable":true,"href":"https:\/\/realitatearutiera.ro\/index.php?rest_route=\/wp\/v2\/users\/1"}],"replies":[{"embeddable":true,"href":"https:\/\/realitatearutiera.ro\/index.php?rest_route=%2Fwp%2Fv2%2Fcomments&post=65819"}],"version-history":[{"count":1,"href":"https:\/\/realitatearutiera.ro\/index.php?rest_route=\/wp\/v2\/posts\/65819\/revisions"}],"predecessor-version":[{"id":65820,"href":"https:\/\/realitatearutiera.ro\/index.php?rest_route=\/wp\/v2\/posts\/65819\/revisions\/65820"}],"wp:featuredmedia":[{"embeddable":true,"href":"https:\/\/realitatearutiera.ro\/index.php?rest_route=\/wp\/v2\/media\/64422"}],"wp:attachment":[{"href":"https:\/\/realitatearutiera.ro\/index.php?rest_route=%2Fwp%2Fv2%2Fmedia&parent=65819"}],"wp:term":[{"taxonomy":"category","embeddable":true,"href":"https:\/\/realitatearutiera.ro\/index.php?rest_route=%2Fwp%2Fv2%2Fcategories&post=65819"},{"taxonomy":"post_tag","embeddable":true,"href":"https:\/\/realitatearutiera.ro\/index.php?rest_route=%2Fwp%2Fv2%2Ftags&post=65819"}],"curies":[{"name":"wp","href":"https:\/\/api.w.org\/{rel}","templated":true}]}}