{"id":65959,"date":"2020-07-03T12:27:33","date_gmt":"2020-07-03T09:27:33","guid":{"rendered":"http:\/\/realitatearutiera.ro\/?p=65959"},"modified":"2020-07-03T12:27:36","modified_gmt":"2020-07-03T09:27:36","slug":"canicula-dar-si-ploile-se-mentin-pana-luni-in-mare-parte-din-tara","status":"publish","type":"post","link":"https:\/\/realitatearutiera.ro\/?p=65959","title":{"rendered":"Canicula, dar \u0219i ploile se men\u021bin p\u00e2n\u0103 luni \u00een mare parte din \u021bar\u0103"},"content":{"rendered":"\n<p><strong>Meteorologii anun\u0163\u0103 canicul\u0103, disconfort termic, dar \u0219i ploi \u0219i vijelii p\u00e2n\u0103 luni, fiind emise noi avertiz\u0103ri cod galben \u015fi cod portocaliu.<\/strong><br>Administra\u0163ia Na\u0163ional\u0103 de Meteorologie (ANM) a emis, vineri, o nou\u0103 avertizare vod galben de canicul\u0103, valabil\u0103 pe parcursul acestei zile \u00een 17 jude\u0163e \u015fi Bucure\u015fti, dar \u015fi un Cod portocaliu de vreme instabil\u0103 care vizeaz\u0103 29 de jude\u0163e, p\u00e2n\u0103 s\u00e2mb\u0103t\u0103 diminea\u0163\u0103. Meteorologii au emis, de asemenea, \u015fi o informare de disconfort termic \u015fi instabilitate atmosferic\u0103, p\u00e2n\u0103 luni diminea\u0163\u0103.<br>Vineri, \u00een intervalul orar 12:00 &#8211; 20:00, disconfortul termic va fi accentuat \u00een cea mai mare parte a Munteniei, \u00een vestul Dobrogei, local \u00een Moldova \u015fi estul Olteniei, unde indicele temperatur\u0103-umezeal\u0103 (ITU) se va situa frecvent \u00een jurul pragul critic de 80 de unit\u0103\u0163i. Se vor \u00eenregistra temperaturi maxime de p\u00e2n\u0103 la 35-36 de grade, iar jude\u0163ele vizate sunt: Arge\u015f, Bac\u0103u, Br\u0103ila, Buz\u0103u, C\u0103l\u0103ra\u015fi, Constan\u0163a, D\u00e2mbovi\u0163a, Gala\u0163i, Giurgiu, Ialomi\u0163a, Ia\u015fi, Olt, Prahova, Tulcea, Teleorman, Vrancea, Vaslui \u015fi Municipiul Bucure\u015fti.<br>Totodat\u0103, \u00een intervalul 3 iulie, ora 10:30 &#8211; 4 iulie, ora 6:00, va fi \u00een vigoare un alt cod galben, de data aceasta de instabilitate atmosferic\u0103. Astfel, \u00een jude\u0163ele Mehedin\u0163i, Gorj \u015fi, par\u0163ial, \u00een jude\u0163ele V\u00e2lcea, Arge\u015f, D\u00e2mbovi\u0163a, Prahova, Buz\u0103u, Vrancea, Bac\u0103u, Neam\u0163 \u015fi Ia\u015fi \u00een regiunile intracarpatice, sud-vestice, zonele montane, iar \u00eendeosebi spre sear\u0103 \u015fi noaptea \u015fi \u00een cele nord-estice, vor fi perioade cu instabilitate atmosferic\u0103 accentuat\u0103, ce se va manifesta prin averse toren\u0163iale, frecvente desc\u0103rc\u0103ri electrice, grindin\u0103 \u015fi vijelii. Cantit\u0103\u0163ile de ap\u0103 vor dep\u0103\u015fi 25 &#8211; 30 l\/mp \u015fi, izolat, 40 &#8211; 60 l\/mp.<br>Prognoza de specialitate relev\u0103 c\u0103, \u00een perioada 3 iulie, ora 12:00 &#8211; 4 iulie, ora 2:00, pe parcursul avertiz\u0103rii Cod portocaliu, \u00een Banat, Cri\u015fana, Maramure\u015f, Transilvania \u015fi nordul Moldovei vor fi intervale cu averse toren\u0163iale, frecvente desc\u0103rc\u0103ri electrice, intensific\u0103ri puternice ale v\u00e2ntului (rafale de 80 &#8211; 90 km\/h), vijelii \u015fi grindin\u0103. \u00cen intervale scurte de timp sau prin acumulare cantit\u0103\u0163ile de ap\u0103 vor dep\u0103\u015fi 35 &#8211; 40 l\/mp \u015fi, pe arii restr\u00e2nse, 50 &#8211; 70 l\/mp.<br>Jude\u0163ele ce se vor afla sub aceast\u0103 avertizare sunt: Alba, Arge\u015f, Arad, Bac\u0103u, Bihor, Bistri\u0163a-N\u0103s\u0103ud, Boto\u015fani, Bra\u015fov, Buz\u0103u, Cluj, Cara\u015f-Severin, Covasna, D\u00e2mbovi\u0163a, Gorj, Hunedoara, Harghita, Ia\u015fi, Mehedin\u0163i, Maramure\u015f, Mure\u015f, Neam\u0163, Prahova, Sibiu, S\u0103laj, Satu Mare, Suceava, Timi\u015f, V\u00e2lcea \u015fi Vrancea.<br>Meteorologii au emis \u0219i o informare de canicul\u0103 \u015fi disconfort termic, manifest\u0103ri de instabilitate, valabil\u0103 \u00een intervalul 4 iulie, ora 11:00 &#8211; 6 iulie, ora 10:00. Astfel, \u00een regiunile sud-estice vremea va fi canicular\u0103, disconfortul termic accentuat, indicele temperatur\u0103-umezeal\u0103 (ITU) va atinge \u015fi dep\u0103\u015fi pragul critic de 80 de unit\u0103\u0163i, iar temperaturile maxime se vor situa frecvent \u00eentre 35 \u015fi 37 de grade.<br>\u00cen restul teritoriului, mai ales \u00een cursul dup\u0103-amiezelor \u015fi la \u00eenceputul nop\u0163ilor, vor fi perioade cu instabilitate atmosferic\u0103 accentuat\u0103, ce se va manifesta prin frecvente desc\u0103rc\u0103ri electrice, averse toren\u0163iale, grindin\u0103 \u015fi vijelii. \u00cen intervale scurte de timp sau prin acumulare, cantit\u0103\u0163ile de ap\u0103 vor dep\u0103\u015fi 15 &#8211; 25 l\/mp \u015fi, izolat, 40 l\/mp.<\/p>\n\n\n\n<p>sursa: hotnews.ro<\/p>\n","protected":false},"excerpt":{"rendered":"<p>Meteorologii anun\u0163\u0103 canicul\u0103, disconfort termic, dar \u0219i ploi \u0219i vijelii p\u00e2n\u0103 luni, fiind emise noi avertiz\u0103ri cod galben \u015fi cod<\/p>\n","protected":false},"author":1,"featured_media":37634,"comment_status":"closed","ping_status":"closed","sticky":false,"template":"","format":"standard","meta":{"spay_email":"","footnotes":"","jetpack_publicize_message":""},"categories":[6],"tags":[],"class_list":["post-65959","post","type-post","status-publish","format-standard","has-post-thumbnail","hentry","category-social"],"jetpack_featured_media_url":"https:\/\/i0.wp.com\/realitatearutiera.ro\/wp-content\/uploads\/2018\/06\/caniculasoarecaldura-1529484990.jpg?fit=660%2C380&ssl=1","jetpack_publicize_connections":[],"jetpack_sharing_enabled":true,"jetpack_shortlink":"https:\/\/wp.me\/p61naM-h9R","jetpack-related-posts":[],"_links":{"self":[{"href":"https:\/\/realitatearutiera.ro\/index.php?rest_route=\/wp\/v2\/posts\/65959","targetHints":{"allow":["GET"]}}],"collection":[{"href":"https:\/\/realitatearutiera.ro\/index.php?rest_route=\/wp\/v2\/posts"}],"about":[{"href":"https:\/\/realitatearutiera.ro\/index.php?rest_route=\/wp\/v2\/types\/post"}],"author":[{"embeddable":true,"href":"https:\/\/realitatearutiera.ro\/index.php?rest_route=\/wp\/v2\/users\/1"}],"replies":[{"embeddable":true,"href":"https:\/\/realitatearutiera.ro\/index.php?rest_route=%2Fwp%2Fv2%2Fcomments&post=65959"}],"version-history":[{"count":1,"href":"https:\/\/realitatearutiera.ro\/index.php?rest_route=\/wp\/v2\/posts\/65959\/revisions"}],"predecessor-version":[{"id":65960,"href":"https:\/\/realitatearutiera.ro\/index.php?rest_route=\/wp\/v2\/posts\/65959\/revisions\/65960"}],"wp:featuredmedia":[{"embeddable":true,"href":"https:\/\/realitatearutiera.ro\/index.php?rest_route=\/wp\/v2\/media\/37634"}],"wp:attachment":[{"href":"https:\/\/realitatearutiera.ro\/index.php?rest_route=%2Fwp%2Fv2%2Fmedia&parent=65959"}],"wp:term":[{"taxonomy":"category","embeddable":true,"href":"https:\/\/realitatearutiera.ro\/index.php?rest_route=%2Fwp%2Fv2%2Fcategories&post=65959"},{"taxonomy":"post_tag","embeddable":true,"href":"https:\/\/realitatearutiera.ro\/index.php?rest_route=%2Fwp%2Fv2%2Ftags&post=65959"}],"curies":[{"name":"wp","href":"https:\/\/api.w.org\/{rel}","templated":true}]}}