{"id":65995,"date":"2020-07-06T09:38:02","date_gmt":"2020-07-06T06:38:02","guid":{"rendered":"http:\/\/realitatearutiera.ro\/?p=65995"},"modified":"2020-07-06T09:38:05","modified_gmt":"2020-07-06T06:38:05","slug":"cum-poti-evita-cozile-interminabile-de-la-podul-fetesti-pentru-plata-taxei","status":"publish","type":"post","link":"https:\/\/realitatearutiera.ro\/?p=65995","title":{"rendered":"Cum po\u021bi evita cozile interminabile de la podul Fete\u0219ti pentru plata taxei?"},"content":{"rendered":"\n<p>Te-ai \u00eentors de la mare \u0219i nu ai oprit la Fete\u0219ti ca s\u0103 pl\u0103te\u0219ti taxa de pod pentru c\u0103 era coad\u0103? Ce amend\u0103 ri\u0219ti dac\u0103 nu o pl\u0103te\u0219ti \u00een timp util?<\/p>\n\n\n\n<p>Pentru a nu pierde timp la coad\u0103 la ghi\u0219eele de la Fete\u0219ti ca s\u0103 pl\u0103teasc\u0103 taxa de pod, mul\u021bi \u0219oferi am\u00e2n\u0103 momentul achit\u0103rii acesteia. Conduc\u0103torii auto trebuie s\u0103 \u021bin\u0103 cont de faptul c\u0103 dac\u0103 uit\u0103, vor fi amenda\u021bi.<\/p>\n\n\n\n<p>Compania Na\u021bional\u0103 de Administrare a Infrastructurii Rutiere (CNAIR) a instalat camere de luat vederi \u00een mai multe puncte ale&nbsp;<a href=\"https:\/\/www.promotor.ro\/stiri-auto\/autostrada-soarelui-restrictii-de-circulatie-in-perioada-01-iulie-31-august-2020-ce-masini-nu-au-voie-sa-circule-in-acest-interval-18710583\" target=\"_blank\" rel=\"noreferrer noopener\">Autostr\u0103zii Soarelui<\/a>. Astfel c\u0103 orice \u0219ofer contravenient poate fi depistat cu u\u0219urin\u021b\u0103.<\/p>\n\n\n\n<p>Indiferent de sensul pe care circul\u0103 pe Autostrada Soarelui A2 (Bucure\u0219ti-Constan\u021ba sau Constan\u021ba-Bucure\u0219ti), \u0219oferii trebuie s\u0103 \u0219tie c\u0103 neplata taxei le aduce o amend\u0103 cuprins\u0103 \u00eentre 130 \u0219i 1820 de lei, \u00een func\u021bia de categoria vehiculului pe care \u00eel conduc. Conduc\u0103torii auto vor achita doar jum\u0103tate din valoarea amenzii dac\u0103 o pl\u0103tesc \u00een termen de maximum 15 zile de la data primirii Procesului verbal de constatare.<\/p>\n\n\n\n<h4 class=\"wp-block-heading\">Care este amenda pentru \u0219oferii care nu pl\u0103tesc taxa de pod de la Fete\u0219ti?<\/h4>\n\n\n\n<p>Acestea sunt amenzile pe care \u0219oferii le pl\u0103tesc \u00een cazul \u00een care nu achit\u0103 taxa de pod:<\/p>\n\n\n\n<ul class=\"wp-block-list\"><li>&nbsp;pentru vehicule rutiere de transport persoane cu cel mult 9 locuri pe scaune sau cu masa totala maxima autorizata mai mica sau egala cu 3,5 tone \u2013 intre 130 de Lei si 260 de Lei;<\/li><li>&nbsp;pentru vehiculele rutiere de transport persoane cu 9 pana la 23 de locuri pe scaune sau cu masa totala maxima autorizata de 3,5-12 tone \u2013 intre 470 de Lei si 940 de Lei;<\/li><li>&nbsp;pentru vehiculele rutiere de transport persoane cu mai mult de 23 de locuri pe scaune sau cu masa totala maxima autorizata mai mare de 12 tone si cu maximum 3 axe \u2013 intre 640 de Lei si 1.280 de Lei;<\/li><li>&nbsp;pentru vehicule rutiere cu masa totala maxima autorizata mai mare de 12 tone si cu minimum 4 axe \u2013 intre 910 Lei si 1.820 de Lei.<\/li><\/ul>\n\n\n\n<h3 class=\"wp-block-heading\">Cum po\u021bi achita taxa de pod?<\/h3>\n\n\n\n<p>\u0218oferii pot achita taxa de pod \u00eenainte sau dup\u0103 trecere sau p\u00e2n\u0103 la ora 24:00 a zilei urm\u0103toare trecerii pe podul de la Fete\u0219ti. Taxa este valabil\u0103 pentru o perioad\u0103 de 12 luni \u0219i nu va fi returnat\u0103 dac\u0103 trecerea nu se realizeaz\u0103 \u00een termenul de valabilitate.<\/p>\n\n\n\n<p>Pentru a pl\u0103ti taxa aferent\u0103 trecerii pe pod,&nbsp;<a href=\"https:\/\/www.promotor.ro\/utile\/taxa-pod-fetesti-cum-faci-plata-prin-sms-18147074\" target=\"_blank\" rel=\"noreferrer noopener\">conduc\u0103torii auto pot trimite un SMS<\/a>&nbsp;la num\u0103rul unic 7577, indiferent de re\u021bea. SMS-ul trebuie s\u0103 con\u021bin\u0103 num\u0103rul de \u00eenmatriculare \u0219i categoria vehiculului.<\/p>\n\n\n\n<p>Taxa se poate achita \u0219i online pe site-ul\u00a0<a href=\"http:\/\/www.taxadepod.ro\/\">www.taxadepod.ro<\/a>\u00a0sau \u00een majoritatea benzin\u0103riilor.<\/p>\n\n\n\n<p>sursa: promotor.ro<\/p>\n","protected":false},"excerpt":{"rendered":"<p>Te-ai \u00eentors de la mare \u0219i nu ai oprit la Fete\u0219ti ca s\u0103 pl\u0103te\u0219ti taxa de pod pentru c\u0103 era<\/p>\n","protected":false},"author":1,"featured_media":38247,"comment_status":"closed","ping_status":"closed","sticky":false,"template":"","format":"standard","meta":{"spay_email":"","footnotes":"","jetpack_publicize_message":""},"categories":[6],"tags":[],"class_list":["post-65995","post","type-post","status-publish","format-standard","has-post-thumbnail","hentry","category-social"],"jetpack_featured_media_url":"https:\/\/i1.wp.com\/realitatearutiera.ro\/wp-content\/uploads\/2018\/07\/fetesti_cernavoda_taxa_pod-636x400-636x400.jpg?fit=636%2C400&ssl=1","jetpack_publicize_connections":[],"jetpack_sharing_enabled":true,"jetpack_shortlink":"https:\/\/wp.me\/p61naM-har","jetpack-related-posts":[],"_links":{"self":[{"href":"https:\/\/realitatearutiera.ro\/index.php?rest_route=\/wp\/v2\/posts\/65995","targetHints":{"allow":["GET"]}}],"collection":[{"href":"https:\/\/realitatearutiera.ro\/index.php?rest_route=\/wp\/v2\/posts"}],"about":[{"href":"https:\/\/realitatearutiera.ro\/index.php?rest_route=\/wp\/v2\/types\/post"}],"author":[{"embeddable":true,"href":"https:\/\/realitatearutiera.ro\/index.php?rest_route=\/wp\/v2\/users\/1"}],"replies":[{"embeddable":true,"href":"https:\/\/realitatearutiera.ro\/index.php?rest_route=%2Fwp%2Fv2%2Fcomments&post=65995"}],"version-history":[{"count":1,"href":"https:\/\/realitatearutiera.ro\/index.php?rest_route=\/wp\/v2\/posts\/65995\/revisions"}],"predecessor-version":[{"id":65996,"href":"https:\/\/realitatearutiera.ro\/index.php?rest_route=\/wp\/v2\/posts\/65995\/revisions\/65996"}],"wp:featuredmedia":[{"embeddable":true,"href":"https:\/\/realitatearutiera.ro\/index.php?rest_route=\/wp\/v2\/media\/38247"}],"wp:attachment":[{"href":"https:\/\/realitatearutiera.ro\/index.php?rest_route=%2Fwp%2Fv2%2Fmedia&parent=65995"}],"wp:term":[{"taxonomy":"category","embeddable":true,"href":"https:\/\/realitatearutiera.ro\/index.php?rest_route=%2Fwp%2Fv2%2Fcategories&post=65995"},{"taxonomy":"post_tag","embeddable":true,"href":"https:\/\/realitatearutiera.ro\/index.php?rest_route=%2Fwp%2Fv2%2Ftags&post=65995"}],"curies":[{"name":"wp","href":"https:\/\/api.w.org\/{rel}","templated":true}]}}