{"id":66145,"date":"2020-07-09T08:59:09","date_gmt":"2020-07-09T05:59:09","guid":{"rendered":"http:\/\/realitatearutiera.ro\/?p=66145"},"modified":"2020-07-09T08:59:13","modified_gmt":"2020-07-09T05:59:13","slug":"video-carnagiu-pe-un-drum-national-patru-persoane-au-murit-si-alte-patru-au-fost-ranite-dupa-o-depasire-interzisa","status":"publish","type":"post","link":"https:\/\/realitatearutiera.ro\/?p=66145","title":{"rendered":"VIDEO Carnagiu pe un drum na\u0163ional. Patru persoane au murit \u015fi alte patru au fost r\u0103nite dup\u0103 o dep\u0103\u015fire interzis\u0103"},"content":{"rendered":"\n<p>Patru oameni au murit \u015fi al\u0163i patru au fost r\u0103ni\u0163i \u00eentr-un accident rutier petrecut \u00een noaptea de miercuri spre joi pe un drum na\u0163ional din jude\u0163ul S\u0103laj. Accidentul a avut loc din cauza unui \u015fofer care a dep\u0103\u015fit pe linia continu\u0103.<\/p>\n\n\n\n<p>Accidentul cu patru mor\u0163i \u015fi patru r\u0103ni\u0163i a avut loc pe DN19B, intre localitatile Zauan si Ip. Potrivit IPJ S\u0103laj, accidentul a fost provocat de unul dintre \u015foferi, care a efectuat o dep\u0103\u015fire interzis\u0103, pe linia continu\u0103, ciocnindu-se frontal de o ma\u015fin\u0103 care circula regulamentar din sens opus. \u00a0Potrivit, ziaruldesalaj.ro, accidentul a fost provocat de \u015foferul unui Audi \u00eenmatriculat \u00een jude\u0163ul S\u0103laj, care a intrat \u00een coliziune cu un VW Golf \u00eenmatriculat \u00een jude\u0163ul Bihor.\u00a0<\/p>\n\n\n\n<p>\u00a0 &#8220;Miercuri noaptea spre joi, Garda Nusfalau a fost solicitata sa intervina la un grav accident rutier in care au fost implicate doua autoturisme, pe DN 19 B, intre localitatile Zauan si Ip. In urma evenimentului opt persoane au ramas incarcerate si a fost activat imediat Planul Rosu de Interventie care a mobilizat urmatoarele forte: trei autospeciale (descarcerare si stingere, si unsprezece ambulante (sase echipaje\u00a0SMURD\u00a0si cinci echipaje SAJ)&#8221;, a transmis ISU Salaj, potrivit publicatiei locale graiulsalajului.ro.<\/p>\n\n\n\n<figure class=\"wp-block-embed-youtube wp-block-embed is-type-video is-provider-youtube wp-embed-aspect-4-3 wp-has-aspect-ratio\"><div class=\"wp-block-embed__wrapper\">\n<span class=\"embed-youtube\" style=\"text-align:center; display: block;\"><iframe class='youtube-player' width='800' height='450' src='https:\/\/www.youtube.com\/embed\/hrITAkq3FYk?version=3&#038;rel=1&#038;fs=1&#038;autohide=2&#038;showsearch=0&#038;showinfo=1&#038;iv_load_policy=1&#038;wmode=transparent' allowfullscreen='true' style='border:0;'><\/iframe><\/span>\n<\/div><\/figure>\n\n\n\n<p>sursa: adevarul.ro<\/p>\n","protected":false},"excerpt":{"rendered":"<p>Patru oameni au murit \u015fi al\u0163i patru au fost r\u0103ni\u0163i \u00eentr-un accident rutier petrecut \u00een noaptea de miercuri spre joi<\/p>\n","protected":false},"author":1,"featured_media":57968,"comment_status":"closed","ping_status":"closed","sticky":false,"template":"","format":"standard","meta":{"spay_email":"","footnotes":"","jetpack_publicize_message":""},"categories":[6],"tags":[],"class_list":["post-66145","post","type-post","status-publish","format-standard","has-post-thumbnail","hentry","category-social"],"jetpack_featured_media_url":"https:\/\/i2.wp.com\/realitatearutiera.ro\/wp-content\/uploads\/2019\/12\/accident.jpg?fit=620%2C377&ssl=1","jetpack_publicize_connections":[],"jetpack_sharing_enabled":true,"jetpack_shortlink":"https:\/\/wp.me\/p61naM-hcR","jetpack-related-posts":[],"_links":{"self":[{"href":"https:\/\/realitatearutiera.ro\/index.php?rest_route=\/wp\/v2\/posts\/66145","targetHints":{"allow":["GET"]}}],"collection":[{"href":"https:\/\/realitatearutiera.ro\/index.php?rest_route=\/wp\/v2\/posts"}],"about":[{"href":"https:\/\/realitatearutiera.ro\/index.php?rest_route=\/wp\/v2\/types\/post"}],"author":[{"embeddable":true,"href":"https:\/\/realitatearutiera.ro\/index.php?rest_route=\/wp\/v2\/users\/1"}],"replies":[{"embeddable":true,"href":"https:\/\/realitatearutiera.ro\/index.php?rest_route=%2Fwp%2Fv2%2Fcomments&post=66145"}],"version-history":[{"count":1,"href":"https:\/\/realitatearutiera.ro\/index.php?rest_route=\/wp\/v2\/posts\/66145\/revisions"}],"predecessor-version":[{"id":66146,"href":"https:\/\/realitatearutiera.ro\/index.php?rest_route=\/wp\/v2\/posts\/66145\/revisions\/66146"}],"wp:featuredmedia":[{"embeddable":true,"href":"https:\/\/realitatearutiera.ro\/index.php?rest_route=\/wp\/v2\/media\/57968"}],"wp:attachment":[{"href":"https:\/\/realitatearutiera.ro\/index.php?rest_route=%2Fwp%2Fv2%2Fmedia&parent=66145"}],"wp:term":[{"taxonomy":"category","embeddable":true,"href":"https:\/\/realitatearutiera.ro\/index.php?rest_route=%2Fwp%2Fv2%2Fcategories&post=66145"},{"taxonomy":"post_tag","embeddable":true,"href":"https:\/\/realitatearutiera.ro\/index.php?rest_route=%2Fwp%2Fv2%2Ftags&post=66145"}],"curies":[{"name":"wp","href":"https:\/\/api.w.org\/{rel}","templated":true}]}}