{"id":66149,"date":"2020-07-09T09:05:30","date_gmt":"2020-07-09T06:05:30","guid":{"rendered":"http:\/\/realitatearutiera.ro\/?p=66149"},"modified":"2020-07-09T09:11:01","modified_gmt":"2020-07-09T06:11:01","slug":"haos-in-belgrad-pentru-a-doua-noapte-consecutiv-manifestantii-au-aruncat-cu-pietre-si-torte-in-politisti","status":"publish","type":"post","link":"https:\/\/realitatearutiera.ro\/?p=66149","title":{"rendered":"Haos \u00een Belgrad. Manifestan\u021bii au aruncat cu pietre \u0219i tor\u021be \u00een poli\u021bi\u0219ti"},"content":{"rendered":"\n<p>Pentru a doua noapte consecutiv, a fost haos \u00een Belgrad, dar \u015fi \u00een alte ora\u015fe&nbsp;<a href=\"https:\/\/stirileprotv.ro\/stiri\/international\/scene-violente-in-serbia-dupa-ce-guvernul-a-anuntat-ca-se-revine-la-starea-de-urgenta-proteste-la-sediul-parlamentului.html?utm_source=ProTV&amp;utm_medium=Social\" target=\"_blank\" rel=\"noreferrer noopener\">s\u00e2rbe\u015fti<\/a>.<\/p>\n\n\n\n<p>Mii de manifestan\u0163i antiguvernamentali au ie\u015fit pe str\u0103zi s\u0103 protesteze \u00eempotriva introducerii unor noi restric\u0163ii din cauza exploziei num\u0103rului de cazuri de Covid.<\/p>\n\n\n\n<p>Asta, \u00een ciuda faptului c\u0103 pre\u015fedintele Vucic anun\u0163ase, cu c\u00e2teva ore \u00eenainte, c\u0103 e dispus s\u0103 renun\u0163e la cea mai drastic\u0103 dintre ele &#8211; restr\u00e2ngerea dreptului la libera mi\u015fcare.<\/p>\n\n\n\n<p>Protestatarii s-au ciocnit cu for\u0163ele de ordine \u015fi au \u00eencercat s\u0103 \u00eentre iar \u00een Parlament, \u00eenainte s\u0103 fie \u00eempr\u0103\u015ftia\u0163i cu for\u0163a de poli\u0163ie.<\/p>\n\n\n\n<p>Pentru a doua zi consecutiv, mii de oameni s-au adunat pe str\u0103zile din&nbsp;<a href=\"https:\/\/stirileprotv.ro\/stiri\/photo-of-the-day\/proteste-de-amploare-in-serbia-dupa-ce-s-a-anuntat-revenirea-la-starea-de-urgenta.html\" target=\"_blank\" rel=\"noreferrer noopener\">Belgrad<\/a>, nemul\u021bumi\u021bi de deciziile luate de guvernul s\u00e2rb \u0219i au \u00eencercat s\u0103 for\u021beze din nou intrarea \u00een cl\u0103direa Legislativului.<\/p>\n\n\n\n<p>Poli\u021bi\u0219tii au \u00eencercat s\u0103 disperseze mul\u021bimea cu gaze lacrimogene, iar manifestan\u021bii au r\u0103spuns cu pietre \u0219i tor\u021be aruncate \u00een scutieri. Mai multe persoane au fost r\u0103nite \u00een timpul ciocnirilor, chiar \u00een fa\u021ba Parlamentului din Belgrad. Printre r\u0103ni\u021bi sunt \u0219i c\u00e2\u021biva lideri ai opozi\u021biei s\u00e2rbe.<\/p>\n\n\n\n<p>Manifestan\u021bii antiguvernamentali au ie\u0219it pe str\u0103zi \u00eenc\u0103 din timpul zilei. Oamenii spun c\u0103 \u0219i-au pierdut \u00eencrederea \u00een guvern \u0219i nu vor reintroducerea carantinei sau suprimarea libert\u0103\u021bii de mi\u0219care.<\/p>\n\n\n\n<p><strong>Protestatar<\/strong>:<em>&nbsp;\u201eAm ie\u0219it pe str\u0103zi, pentru c\u0103 s-au adunat multe nemul\u021bumiri. Cei mai mul\u021bi dintre cei prezen\u021bi aici nu au cereri concrete, dar se simt nedrept\u0103\u021bi\u021bi.\u201d<\/em><\/p>\n\n\n\n<p><strong>Protestatar<\/strong>:&nbsp;<em>\u201ePrincipalul motiv pentru care suntem aici e s\u0103 sus\u021binem protestele care au loc \u00een aceste vremuri anormale, c\u00e2nd \u021bara se pr\u0103bu\u0219e\u0219te, c\u00e2nd am avut alegeri fraudate \u00een care Partidul Progresiv S\u00e2rb a c\u00e2\u0219tigat majoritatea voturilor, \u0219tim noi cum, \u0219i c\u00e2nd virusul a revenit imediat dup\u0103 aceste alegeri.\u201d<\/em><\/p>\n\n\n\n<p>Confruntat cu nemul\u021bumirile oamenilor, pre\u0219edintele s\u00e2rb Aleksandar Vucic a f\u0103cut un pas \u00eenapoi \u0219i a anun\u021bat c\u0103 las\u0103 la latitudinea speciali\u0219tilor s\u0103 g\u0103seasc\u0103 alte solu\u021bii, f\u0103r\u0103 a mai fi nevoie de restric\u021bionarea libert\u0103\u021bii de mi\u0219care.<\/p>\n\n\n\n<p><strong>Aleksandar Vucic, pre\u0219edintele&nbsp;<a href=\"https:\/\/stirileprotv.ro\/stiri\/actualitate\/serbia-se-teme-de-un-al-doilea-val-de-coronavirus-dupa-ce-a-inregistrat-un-numar-record-de-decese.html\" target=\"_blank\" rel=\"noreferrer noopener\">Serbiei<\/a><\/strong>:<em>&nbsp;\u201eEchipa de coordonare, premierul \u0219i ministrul S\u0103n\u0103t\u0103\u021bii, to\u021bi sunt de p\u0103rere c\u0103 mai avem o \u0219ans\u0103 s\u0103 repar\u0103m lucrurile, a\u0219a c\u0103 cel mai probabil vor decide s\u0103 introduc\u0103 m\u0103suri mai dure, f\u0103r\u0103 s\u0103 restr\u00e2ng\u0103 libertatea de mi\u0219care.\u201d<\/em><\/p>\n\n\n\n<p>Pre\u0219edintele s\u00e2rb a dat, \u00eens\u0103, vina pe extremi\u0219tii de dreapta \u0219i pe organiza\u021biile neonaziste pentru atacul de mar\u021bi asupra Parlamentului din Belgrad.<\/p>\n\n\n\n<p><strong>Aleksandar Vucic, pre\u0219edintele Serbiei<\/strong>:&nbsp;<em>\u201eNu vom permite nim\u0103nui s\u0103 distrug\u0103 pacea \u0219i stabilitatea \u00een Serbia. Acesta este mesajul-cheie pentru ei. Nu vom permite asta nim\u0103nui, nici din\u0103untru, nici din afara grani\u021belor. Acesta e mesajul meu pentru aceia care cred c\u0103 nu \u0219tim de implicarea lor.\u201d<\/em><\/p>\n\n\n\n<p>La ultimul bilan\u021b, Serbia a \u00eenregistrat 11 decese asociate cu Covid \u0219i peste 350 de cazuri de infectare, un record pentru vecinii de la sud de Dun\u0103re. \u00cen total sunt 17.000 de teste pozitive, foarte multe la o popula\u021bie de nici \u0219apte milioane de oameni.<\/p>\n\n\n\n<p>Sursa:&nbsp;<em>StirilePROTV<\/em><\/p>\n","protected":false},"excerpt":{"rendered":"<p>Pentru a doua noapte consecutiv, a fost haos \u00een Belgrad, dar \u015fi \u00een alte ora\u015fe&nbsp;s\u00e2rbe\u015fti. Mii de manifestan\u0163i antiguvernamentali au<\/p>\n","protected":false},"author":1,"featured_media":66150,"comment_status":"closed","ping_status":"closed","sticky":false,"template":"","format":"standard","meta":{"spay_email":"","footnotes":"","jetpack_publicize_message":""},"categories":[12],"tags":[],"class_list":["post-66149","post","type-post","status-publish","format-standard","has-post-thumbnail","hentry","category-stiri-internationale"],"jetpack_featured_media_url":"https:\/\/i2.wp.com\/realitatearutiera.ro\/wp-content\/uploads\/2020\/07\/haos-in-belgrad.png?fit=680%2C383&ssl=1","jetpack_publicize_connections":[],"jetpack_sharing_enabled":true,"jetpack_shortlink":"https:\/\/wp.me\/p61naM-hcV","jetpack-related-posts":[],"_links":{"self":[{"href":"https:\/\/realitatearutiera.ro\/index.php?rest_route=\/wp\/v2\/posts\/66149","targetHints":{"allow":["GET"]}}],"collection":[{"href":"https:\/\/realitatearutiera.ro\/index.php?rest_route=\/wp\/v2\/posts"}],"about":[{"href":"https:\/\/realitatearutiera.ro\/index.php?rest_route=\/wp\/v2\/types\/post"}],"author":[{"embeddable":true,"href":"https:\/\/realitatearutiera.ro\/index.php?rest_route=\/wp\/v2\/users\/1"}],"replies":[{"embeddable":true,"href":"https:\/\/realitatearutiera.ro\/index.php?rest_route=%2Fwp%2Fv2%2Fcomments&post=66149"}],"version-history":[{"count":2,"href":"https:\/\/realitatearutiera.ro\/index.php?rest_route=\/wp\/v2\/posts\/66149\/revisions"}],"predecessor-version":[{"id":66155,"href":"https:\/\/realitatearutiera.ro\/index.php?rest_route=\/wp\/v2\/posts\/66149\/revisions\/66155"}],"wp:featuredmedia":[{"embeddable":true,"href":"https:\/\/realitatearutiera.ro\/index.php?rest_route=\/wp\/v2\/media\/66150"}],"wp:attachment":[{"href":"https:\/\/realitatearutiera.ro\/index.php?rest_route=%2Fwp%2Fv2%2Fmedia&parent=66149"}],"wp:term":[{"taxonomy":"category","embeddable":true,"href":"https:\/\/realitatearutiera.ro\/index.php?rest_route=%2Fwp%2Fv2%2Fcategories&post=66149"},{"taxonomy":"post_tag","embeddable":true,"href":"https:\/\/realitatearutiera.ro\/index.php?rest_route=%2Fwp%2Fv2%2Ftags&post=66149"}],"curies":[{"name":"wp","href":"https:\/\/api.w.org\/{rel}","templated":true}]}}