{"id":66153,"date":"2020-07-09T09:10:38","date_gmt":"2020-07-09T06:10:38","guid":{"rendered":"http:\/\/realitatearutiera.ro\/?p=66153"},"modified":"2020-07-09T09:10:40","modified_gmt":"2020-07-09T06:10:40","slug":"motociclist-din-timisoara-ranit-grav-de-un-sofer-de-21-de-ani-care-nu-i-a-acordat-prioritate","status":"publish","type":"post","link":"https:\/\/realitatearutiera.ro\/?p=66153","title":{"rendered":"Motociclist din Timi\u015foara, r\u0103nit grav de un \u0219ofer de 21 de ani care nu i-a acordat prioritate"},"content":{"rendered":"\n<p>Un motociclist de 40 de ani din Timi\u015foara a ajuns la spital dup\u0103 ce un \u015fofer de 21 de ani a virat la st\u00e2nga, f\u0103r\u0103 s\u0103 se asigure.<\/p>\n\n\n\n<p>Accidentul a avut loc pe o strad\u0103 din Complexul Studen\u0163esc.<\/p>\n\n\n\n<p>T\u00e2n\u0103rul a vrut s\u0103 intre pe una dintre str\u0103du\u0163ele care duc spre c\u0103minele studen\u0163e\u015fti, \u00eens\u0103 nu l-a observat pe motociclist, care circula regulamentar din sens opus.<\/p>\n\n\n\n<p>\u00cen urma impactului, acesta a fost aruncat la c\u00e2\u0163iva metri. Medicii au sosit \u00een grab\u0103 la fa\u0163a locului, l-au stabilizat \u015fi l-au dus la spital cu politraumatisme.<\/p>\n\n\n\n<p>Tot la spital a ajuns \u015fi o t\u00e2n\u0103r\u0103 de 22 de ani, pasager\u0103 \u00een autoturism. \u015eoferul neatent s-a ales cu dosar penal pentru v\u0103t\u0103mare corporal\u0103 din culp\u0103.<\/p>\n\n\n\n<p>sursa: stirileprotv.ro<\/p>\n","protected":false},"excerpt":{"rendered":"<p>Un motociclist de 40 de ani din Timi\u015foara a ajuns la spital dup\u0103 ce un \u015fofer de 21 de ani<\/p>\n","protected":false},"author":1,"featured_media":61345,"comment_status":"closed","ping_status":"closed","sticky":false,"template":"","format":"standard","meta":{"spay_email":"","footnotes":"","jetpack_publicize_message":""},"categories":[1],"tags":[],"class_list":["post-66153","post","type-post","status-publish","format-standard","has-post-thumbnail","hentry","category-uncategorized"],"jetpack_featured_media_url":"https:\/\/i1.wp.com\/realitatearutiera.ro\/wp-content\/uploads\/2020\/03\/accident-mortal-sibiu-651386.jpg?fit=1100%2C564&ssl=1","jetpack_publicize_connections":[],"jetpack_sharing_enabled":true,"jetpack_shortlink":"https:\/\/wp.me\/p61naM-hcZ","jetpack-related-posts":[],"_links":{"self":[{"href":"https:\/\/realitatearutiera.ro\/index.php?rest_route=\/wp\/v2\/posts\/66153","targetHints":{"allow":["GET"]}}],"collection":[{"href":"https:\/\/realitatearutiera.ro\/index.php?rest_route=\/wp\/v2\/posts"}],"about":[{"href":"https:\/\/realitatearutiera.ro\/index.php?rest_route=\/wp\/v2\/types\/post"}],"author":[{"embeddable":true,"href":"https:\/\/realitatearutiera.ro\/index.php?rest_route=\/wp\/v2\/users\/1"}],"replies":[{"embeddable":true,"href":"https:\/\/realitatearutiera.ro\/index.php?rest_route=%2Fwp%2Fv2%2Fcomments&post=66153"}],"version-history":[{"count":1,"href":"https:\/\/realitatearutiera.ro\/index.php?rest_route=\/wp\/v2\/posts\/66153\/revisions"}],"predecessor-version":[{"id":66154,"href":"https:\/\/realitatearutiera.ro\/index.php?rest_route=\/wp\/v2\/posts\/66153\/revisions\/66154"}],"wp:featuredmedia":[{"embeddable":true,"href":"https:\/\/realitatearutiera.ro\/index.php?rest_route=\/wp\/v2\/media\/61345"}],"wp:attachment":[{"href":"https:\/\/realitatearutiera.ro\/index.php?rest_route=%2Fwp%2Fv2%2Fmedia&parent=66153"}],"wp:term":[{"taxonomy":"category","embeddable":true,"href":"https:\/\/realitatearutiera.ro\/index.php?rest_route=%2Fwp%2Fv2%2Fcategories&post=66153"},{"taxonomy":"post_tag","embeddable":true,"href":"https:\/\/realitatearutiera.ro\/index.php?rest_route=%2Fwp%2Fv2%2Ftags&post=66153"}],"curies":[{"name":"wp","href":"https:\/\/api.w.org\/{rel}","templated":true}]}}