{"id":66328,"date":"2020-07-13T12:19:14","date_gmt":"2020-07-13T09:19:14","guid":{"rendered":"http:\/\/realitatearutiera.ro\/?p=66328"},"modified":"2020-07-13T12:19:32","modified_gmt":"2020-07-13T09:19:32","slug":"accident-tragic-scene-socante-au-fost-surprinse-de-o-camera-de-supraveghere-din-alexandria","status":"publish","type":"post","link":"https:\/\/realitatearutiera.ro\/?p=66328","title":{"rendered":"Accident tragic: Scene \u0219ocante au fost surprinse de o camer\u0103 de supraveghere din Alexandria"},"content":{"rendered":"\n<p>Un grav accident a avut loc \u00een Alexandria iar scenele \u0219ocane au fost surprinse de o camer\u0103 de supraveghere din zon\u0103. La volanul ma\u0219inii care a lovit-o pe femeie \u0219i pe copilul ei se afla un adolescent de 15 ani.<a href=\"https:\/\/spynews.ro\/galerie\/accident-alexandria-mama-copil-spulberati-masina-adolescent-id231542-play0.html\"><\/a><\/p>\n\n\n\n<p>Accident grav \u00een Alexandria! O mam\u0103 \u0219i copilul ei au fost spulbera\u021bi de o ma\u0219in\u0103 condus\u0103 de un adolescent .<\/p>\n\n\n\n<p>A<a href=\"https:\/\/spynews.ro\/actualitate\/stiri-interne\/accident-ialomita-tanar-24-de-ani-mort-231492.html\">ccidentul a\u00a0<\/a>avut loc \u00eentr-o parcare din zona P\u0103durea Vedea. Pe imagini se poate vedea cum mama \u0219i copilul sunt al\u0103turi d eun b\u0103rbat, moment \u00een care o ma\u0219in\u0103 sc\u0103pat\u0103 de sub control se \u00eendreapt\u0103 brusc spre ei. Dup\u0103 ce o acro\u0219eaz\u0103 pe femeie \u0219i pe copilul ei \u00een trotinet\u0103, adolescentul avariaz\u0103 \u0219i alte dou\u0103 autoturisme aflate \u00een parcare.<\/p>\n\n\n\n<h3 class=\"wp-block-heading\">O femeie \u0219i copilul ei au fost spulbera\u021bi de o ma\u0219in\u0103<\/h3>\n\n\n\n<p>B\u0103rbatul, femeia \u0219i copilul au sc\u0103pat ca prin minune f\u0103r\u0103 r\u0103ni, dar cu o sperietur\u0103 zdrav\u0103n\u0103. Dup\u0103 ce ma\u0219ina s-a oprit, din ea au cobor\u00e2t doi tineri ce s-au \u00eendep\u0103rtat de locul\u00a0<a href=\"https:\/\/spynews.ro\/actualitate\/stiri-interne\/tanara-27-ani-moarta-accident-hunedoara-231349.html\">accidentului<\/a>. \u0218oferul, un adolescent de 15 ani, s-ar fi aflat la picnic cu familia, moment \u00een care a luat cheile de la ma\u0219ina tat\u0103lui s\u0103u \u0219i a plecat cu autoturismul. Copilul a \u00eencercat s\u0103 execute un viraj, \u00eens\u0103 a sc\u0103pat ma\u0219ina de sub control \u0219i astfel a provocat accidentul ce s-ar fi putut solda cu victime.<\/p>\n\n\n\n<p>Sursa:spynews<\/p>\n","protected":false},"excerpt":{"rendered":"<p>Un grav accident a avut loc \u00een Alexandria iar scenele \u0219ocane au fost surprinse de o camer\u0103 de supraveghere din<\/p>\n","protected":false},"author":1,"featured_media":66330,"comment_status":"closed","ping_status":"closed","sticky":false,"template":"","format":"standard","meta":{"spay_email":"","footnotes":"","jetpack_publicize_message":""},"categories":[1],"tags":[],"class_list":["post-66328","post","type-post","status-publish","format-standard","has-post-thumbnail","hentry","category-uncategorized"],"jetpack_featured_media_url":"https:\/\/i2.wp.com\/realitatearutiera.ro\/wp-content\/uploads\/2020\/07\/img.jpg?fit=700%2C554&ssl=1","jetpack_publicize_connections":[],"jetpack_sharing_enabled":true,"jetpack_shortlink":"https:\/\/wp.me\/p61naM-hfO","jetpack-related-posts":[],"_links":{"self":[{"href":"https:\/\/realitatearutiera.ro\/index.php?rest_route=\/wp\/v2\/posts\/66328","targetHints":{"allow":["GET"]}}],"collection":[{"href":"https:\/\/realitatearutiera.ro\/index.php?rest_route=\/wp\/v2\/posts"}],"about":[{"href":"https:\/\/realitatearutiera.ro\/index.php?rest_route=\/wp\/v2\/types\/post"}],"author":[{"embeddable":true,"href":"https:\/\/realitatearutiera.ro\/index.php?rest_route=\/wp\/v2\/users\/1"}],"replies":[{"embeddable":true,"href":"https:\/\/realitatearutiera.ro\/index.php?rest_route=%2Fwp%2Fv2%2Fcomments&post=66328"}],"version-history":[{"count":2,"href":"https:\/\/realitatearutiera.ro\/index.php?rest_route=\/wp\/v2\/posts\/66328\/revisions"}],"predecessor-version":[{"id":66332,"href":"https:\/\/realitatearutiera.ro\/index.php?rest_route=\/wp\/v2\/posts\/66328\/revisions\/66332"}],"wp:featuredmedia":[{"embeddable":true,"href":"https:\/\/realitatearutiera.ro\/index.php?rest_route=\/wp\/v2\/media\/66330"}],"wp:attachment":[{"href":"https:\/\/realitatearutiera.ro\/index.php?rest_route=%2Fwp%2Fv2%2Fmedia&parent=66328"}],"wp:term":[{"taxonomy":"category","embeddable":true,"href":"https:\/\/realitatearutiera.ro\/index.php?rest_route=%2Fwp%2Fv2%2Fcategories&post=66328"},{"taxonomy":"post_tag","embeddable":true,"href":"https:\/\/realitatearutiera.ro\/index.php?rest_route=%2Fwp%2Fv2%2Ftags&post=66328"}],"curies":[{"name":"wp","href":"https:\/\/api.w.org\/{rel}","templated":true}]}}