{"id":66373,"date":"2020-07-14T12:43:04","date_gmt":"2020-07-14T09:43:04","guid":{"rendered":"http:\/\/realitatearutiera.ro\/?p=66373"},"modified":"2020-07-14T12:43:06","modified_gmt":"2020-07-14T09:43:06","slug":"urmarile-crizei-covid-zece-milioane-de-copii-nu-se-vor-mai-intoarce-la-scoala","status":"publish","type":"post","link":"https:\/\/realitatearutiera.ro\/?p=66373","title":{"rendered":"Urm\u0103rile crizei COVID. Zece milioane de copii nu se vor mai \u00eentoarce la \u0219coal\u0103"},"content":{"rendered":"\n<p>Un num\u0103r de p\u00e2n\u0103 la aproape 10 milioane de copii din lumea \u00eentreag\u0103 ar putea s\u0103 nu se mai \u00eentoarc\u0103 niciodat\u0103 la \u015fcoal\u0103 dup\u0103 perioada de izolare din cauza consecin\u0163elor economice ale pandemiei de COVID-19, a afirmat luni ONG-ul britanic Salva\u0163i Copiii.<\/p>\n\n\n\n<p>\u00cenaintea declan\u015f\u0103rii pandemiei, 258 de milioane de copii \u015fi adolescen\u0163i se aflau deja \u00een afara sistemului educa\u0163ional la nivel global, transmite Agerpres.<\/p>\n\n\n\n<p>P\u00e2n\u0103 la 1,6 miliarde de elevi au fost nevoi\u0163i s\u0103 nu mai mearg\u0103 la cursuri (la nivel \u015fcolar sau universitar) din cauza pandemiei, potrivit raportului.<\/p>\n\n\n\n<h4 class=\"wp-block-heading\">Urgen\u021b\u0103 educa\u021bional\u0103 mondial\u0103<\/h4>\n\n\n\n<p><em>\u2033Pentru prima dat\u0103 \u00een istoria umanit\u0103\u0163ii, o genera\u0163ie \u00eentreag\u0103 de copii \u015fi-a v\u0103zut \u00eentregul parcurs \u015fcolar bulversat\u2019<\/em>\u2019, se mai arat\u0103 \u00een raportul \u00eentocmit de Salva\u0163i Copiii.<\/p>\n\n\n\n<p>Organiza\u0163ia, care face apel la guverne \u015fi donatori s\u0103 ac\u0163ioneze \u00een fa\u0163a acestei&nbsp;<strong><em>\u2033urgen\u0163e educa\u0163ionale mondiale\u2033\u2063<\/em><\/strong>, estimeaz\u0103 c\u0103 un num\u0103r de circa 9,7 milioane de elevi risc\u0103 s\u0103 p\u0103r\u0103seasc\u0103 definitiv b\u0103ncile \u015fcolii p\u00e2n\u0103 la finalul anului.<\/p>\n\n\n\n<p>\u00cen caz contrar, inegalit\u0103\u0163ile care exist\u0103 deja&nbsp;<em>\u2033vor exploda \u00eentre boga\u0163i \u015fi s\u0103raci, precum \u015fi \u00eentre b\u0103ie\u0163i \u015fi fete\u2033\u2063<\/em>, a declarat \u00eentr-un comunicat Inger Ashing, directoarea general\u0103 Salva\u0163i Copiii.<\/p>\n\n\n\n<p>\u00cen cazul a 12 state, \u00een special din Africa Central\u0103 \u015fi de Vest, precum \u015fi \u00een cazul Yemen \u015fi Afghanistan, copiii se confrunt\u0103 cu un risc&nbsp;<em>\u2033foarte ridicat\u2019<\/em>\u2032 de a nu reveni la \u015fcoal\u0103 dup\u0103 perioada de izolare, \u00een special fetele.<\/p>\n\n\n\n<p>Salva\u0163i Copiii face apel la creditorii comerciali s\u0103 suspende rambursarea datoriilor \u0163\u0103rilor s\u0103race, m\u0103sur\u0103 care, potrivit organiza\u0163iei, ar permite deblocarea a 14 miliarde de dolari av\u00e2nd ca destina\u0163ie investi\u0163i \u00een domeniul educa\u0163iei.<\/p>\n\n\n\n<h4 class=\"wp-block-heading\">Impact pe termen lung asupra elevilor<\/h4>\n\n\n\n<p><em>\u2033Ar fi inadmisibil ca resursele de care avem nevoie cu disperare pentru a men\u0163ine \u00een via\u0163\u0103 speran\u0163a pe care o aduce educa\u0163ia s\u0103 fie utilizate pentru rambursarea datoriilor<\/em>\u2033, potrivit directoarei generale Salva\u0163i Copiii.<\/p>\n\n\n\n<p><em>\u2033Dac\u0103 l\u0103s\u0103m aceast\u0103 criz\u0103 educa\u0163ional\u0103 s\u0103 se dezvolte, impactul asupra copiilor va fi de lung\u0103 durat\u0103\u2032<\/em>\u2019, a mai spus aceasta.<\/p>\n\n\n\n<p><em>\u2033Angajamentul pe care \u015fi l-a luat omenirea de a garanta tuturor copiilor accesul la o educa\u0163ie de calitate p\u00e2n\u0103 \u00een 2030 va fi \u00eent\u00e2rziat cu mai mul\u0163i ani\u2019<\/em>\u2019, a ad\u0103ugat aceasta, cit\u00e2nd obiectivul fixat de Organiza\u0163ia Na\u0163iunilor Unite (ONU).<\/p>\n\n\n\n<p>Organiza\u0163ia estimeaz\u0103 la 77 de miliarde de dolari sc\u0103derea cheltuielilor pentru educa\u0163ie \u00eentr-un scenariu bugetar mediu \u00een \u0163\u0103rile cele mai s\u0103race pe o perioad\u0103 de 18 luni.<\/p>\n\n\n\n<p>\u00cen cel mai grav scenariu, \u00een care guvernan\u0163ii vor atribui resursele pentru educa\u0163ie altor domenii ca r\u0103spuns la pandemia de COVID-19, cifra ar putea atinge 192 de miliarde de dolari.<\/p>\n","protected":false},"excerpt":{"rendered":"<p>Un num\u0103r de p\u00e2n\u0103 la aproape 10 milioane de copii din lumea \u00eentreag\u0103 ar putea s\u0103 nu se mai \u00eentoarc\u0103<\/p>\n","protected":false},"author":1,"featured_media":66374,"comment_status":"closed","ping_status":"closed","sticky":false,"template":"","format":"standard","meta":{"spay_email":"","footnotes":"","jetpack_publicize_message":""},"categories":[12],"tags":[],"class_list":["post-66373","post","type-post","status-publish","format-standard","has-post-thumbnail","hentry","category-stiri-internationale"],"jetpack_featured_media_url":"https:\/\/i2.wp.com\/realitatearutiera.ro\/wp-content\/uploads\/2020\/07\/scoala-banci-goale.jpg?fit=600%2C400&ssl=1","jetpack_publicize_connections":[],"jetpack_sharing_enabled":true,"jetpack_shortlink":"https:\/\/wp.me\/p61naM-hgx","jetpack-related-posts":[],"_links":{"self":[{"href":"https:\/\/realitatearutiera.ro\/index.php?rest_route=\/wp\/v2\/posts\/66373","targetHints":{"allow":["GET"]}}],"collection":[{"href":"https:\/\/realitatearutiera.ro\/index.php?rest_route=\/wp\/v2\/posts"}],"about":[{"href":"https:\/\/realitatearutiera.ro\/index.php?rest_route=\/wp\/v2\/types\/post"}],"author":[{"embeddable":true,"href":"https:\/\/realitatearutiera.ro\/index.php?rest_route=\/wp\/v2\/users\/1"}],"replies":[{"embeddable":true,"href":"https:\/\/realitatearutiera.ro\/index.php?rest_route=%2Fwp%2Fv2%2Fcomments&post=66373"}],"version-history":[{"count":1,"href":"https:\/\/realitatearutiera.ro\/index.php?rest_route=\/wp\/v2\/posts\/66373\/revisions"}],"predecessor-version":[{"id":66375,"href":"https:\/\/realitatearutiera.ro\/index.php?rest_route=\/wp\/v2\/posts\/66373\/revisions\/66375"}],"wp:featuredmedia":[{"embeddable":true,"href":"https:\/\/realitatearutiera.ro\/index.php?rest_route=\/wp\/v2\/media\/66374"}],"wp:attachment":[{"href":"https:\/\/realitatearutiera.ro\/index.php?rest_route=%2Fwp%2Fv2%2Fmedia&parent=66373"}],"wp:term":[{"taxonomy":"category","embeddable":true,"href":"https:\/\/realitatearutiera.ro\/index.php?rest_route=%2Fwp%2Fv2%2Fcategories&post=66373"},{"taxonomy":"post_tag","embeddable":true,"href":"https:\/\/realitatearutiera.ro\/index.php?rest_route=%2Fwp%2Fv2%2Ftags&post=66373"}],"curies":[{"name":"wp","href":"https:\/\/api.w.org\/{rel}","templated":true}]}}