{"id":66376,"date":"2020-07-14T13:57:29","date_gmt":"2020-07-14T10:57:29","guid":{"rendered":"http:\/\/realitatearutiera.ro\/?p=66376"},"modified":"2020-07-14T13:57:31","modified_gmt":"2020-07-14T10:57:31","slug":"bmw-ix3-este-primul-suv-electric-al-marcii-bavareze","status":"publish","type":"post","link":"https:\/\/realitatearutiera.ro\/?p=66376","title":{"rendered":"BMW iX3 este primul SUV electric al m\u0103rcii bavareze"},"content":{"rendered":"\n<p>BMW iX3, primul SUV electric al m\u0103rcii bavareze, este realizat at\u00e2t de discret \u00eenc\u00e2t cu greu ai b\u0103nui c\u0103 este complet diferit de un X3 obi\u0219nuit. Modelul electric va intra pe pia\u021b\u0103 \u00een a doua jum\u0103tate a acestui an, pentru \u00eenceput \u00een China \u0219i ulterior \u0219i pe alte pie\u021be.<\/p>\n\n\n\n<p>Viitorul model electric BMW are la baz\u0103 arhitectura curent\u0103 a lui SUV-ului X3, care devine astfel primul model al m\u0103rcii disponibil cu motoarele conven\u021bionale \u2013 pe benzin\u0103 \u0219i diesel (inclusiv sistem mild hybrid de 48V), sistem plug-in hybrid \u0219i tren de rulare full electric.<\/p>\n\n\n\n<p>BMW iX3 marcheaz\u0103 debutul celei de-a cincea genera\u021bii a tehnologiei BMW eDrive, care se va reg\u0103si \u0219i sub caroseria modelelor BMW iNEXY \u0219i BMW i4. Motorul electric, transmisia \u0219i circuitele de putere sunt incluse \u00een acela\u0219i ansamblu. Ingeniozitatea inginerilor BMW a permis eliminarea p\u0103m\u00e2nturilor rare din construc\u021bia motoarelor electrice. Acest lucru a fost posibil prin folosirea unor electromagne\u021bi \u00een locul magne\u021bilor permanen\u021bi.<\/p>\n\n\n\n<h4 class=\"wp-block-heading\">BMW iX3: C\u00e2t de BMW poate fi un model electric?<\/h4>\n\n\n\n<p>Densitatea de putere a motorului electric de sub capota lui iX3 este cu 30% superioar\u0103 celei oferite de alte modele BMW cu propulsie electric\u0103. De asemenea, randamentul motorului electric este de 93%. Puterea generat\u0103 este de 210 kW (286 CP), cu un cuplu de 400 Nm disponibil pe \u00eentreaga plaj\u0103 de tura\u021bii, inclusiv la tura\u021bii \u00eenalte.<\/p>\n\n\n\n<p>Motorul electric permite lui iX3 s\u0103 accelereze de la 0 la 100 km\/h \u00een 6,8 secunde, ceea ce-l face comparabil cu versiunea alimentat\u0103 pe benzin\u0103 BMW X3 xDrive30i. Viteza maxim\u0103 este limitat\u0103 la 180 km\/h. Puterea este transmis\u0103 ro\u021bilor din spate, ceea ce creeaz\u0103 un profil de conducere tipic BMW.<\/p>\n\n\n\n<p>Bateria Li-Ion are o capacitate de 80 kWh, din care 74 kWh sunt utiliza\u021bi efectiv. Autonomia atinge \u00een aceste condi\u021bii circa 459 km \u00een ciclul WLTP. Sistemul de \u00eenc\u0103rcare permite utilizarea sta\u021biior de curent alternativ de p\u00e2n\u0103 la 11 kW \u0219i a celor rapide \u00een curent continuu de p\u00e2n\u0103 la 150 kW. \u00cen acest ultim caz, \u00eenc\u0103rcarea bateriei de la 0 la 80% dureaz\u0103 aproximativ 35 de minute. Sistemul permite o \u00eenc\u0103rcare suficient\u0103 pentru parcurgerea a circa 100 km \u00een numai 10 minute.<\/p>\n\n\n\n<p><a href=\"https:\/\/www.promotor.ro\/masini-noi\/eco\/bmw-ix3-intra-in-productie-in-luna-august-conform-planificarii-18700774\">BMW iX3 intr\u0103 \u00een produc\u021bie \u00een luna august<\/a>, dup\u0103 cum au anun\u021bat oficialii produc\u0103torului bavarez. Viitorul model electric BMW va fi produs \u00een China, \u00een cadrul joint-venture-ului BMW Brilliance Automotive (BBA).<\/p>\n\n\n\n<p>sursa: promotor.ro<\/p>\n","protected":false},"excerpt":{"rendered":"<p>BMW iX3, primul SUV electric al m\u0103rcii bavareze, este realizat at\u00e2t de discret \u00eenc\u00e2t cu greu ai b\u0103nui c\u0103 este<\/p>\n","protected":false},"author":1,"featured_media":66377,"comment_status":"closed","ping_status":"closed","sticky":false,"template":"","format":"standard","meta":{"spay_email":"","footnotes":"","jetpack_publicize_message":""},"categories":[12],"tags":[],"class_list":["post-66376","post","type-post","status-publish","format-standard","has-post-thumbnail","hentry","category-stiri-internationale"],"jetpack_featured_media_url":"https:\/\/i0.wp.com\/realitatearutiera.ro\/wp-content\/uploads\/2020\/07\/2021-BMW-iX3-Elektro-X3-SUV-enthuellt-Heck.jpg?fit=1600%2C1067&ssl=1","jetpack_publicize_connections":[],"jetpack_sharing_enabled":true,"jetpack_shortlink":"https:\/\/wp.me\/p61naM-hgA","jetpack-related-posts":[],"_links":{"self":[{"href":"https:\/\/realitatearutiera.ro\/index.php?rest_route=\/wp\/v2\/posts\/66376","targetHints":{"allow":["GET"]}}],"collection":[{"href":"https:\/\/realitatearutiera.ro\/index.php?rest_route=\/wp\/v2\/posts"}],"about":[{"href":"https:\/\/realitatearutiera.ro\/index.php?rest_route=\/wp\/v2\/types\/post"}],"author":[{"embeddable":true,"href":"https:\/\/realitatearutiera.ro\/index.php?rest_route=\/wp\/v2\/users\/1"}],"replies":[{"embeddable":true,"href":"https:\/\/realitatearutiera.ro\/index.php?rest_route=%2Fwp%2Fv2%2Fcomments&post=66376"}],"version-history":[{"count":1,"href":"https:\/\/realitatearutiera.ro\/index.php?rest_route=\/wp\/v2\/posts\/66376\/revisions"}],"predecessor-version":[{"id":66378,"href":"https:\/\/realitatearutiera.ro\/index.php?rest_route=\/wp\/v2\/posts\/66376\/revisions\/66378"}],"wp:featuredmedia":[{"embeddable":true,"href":"https:\/\/realitatearutiera.ro\/index.php?rest_route=\/wp\/v2\/media\/66377"}],"wp:attachment":[{"href":"https:\/\/realitatearutiera.ro\/index.php?rest_route=%2Fwp%2Fv2%2Fmedia&parent=66376"}],"wp:term":[{"taxonomy":"category","embeddable":true,"href":"https:\/\/realitatearutiera.ro\/index.php?rest_route=%2Fwp%2Fv2%2Fcategories&post=66376"},{"taxonomy":"post_tag","embeddable":true,"href":"https:\/\/realitatearutiera.ro\/index.php?rest_route=%2Fwp%2Fv2%2Ftags&post=66376"}],"curies":[{"name":"wp","href":"https:\/\/api.w.org\/{rel}","templated":true}]}}