{"id":66379,"date":"2020-07-15T08:13:00","date_gmt":"2020-07-15T05:13:00","guid":{"rendered":"http:\/\/realitatearutiera.ro\/?p=66379"},"modified":"2020-07-15T08:13:01","modified_gmt":"2020-07-15T05:13:01","slug":"centrul-infotrafic-din-inspectoratul-general-al-politiei-romane-informeaza","status":"publish","type":"post","link":"https:\/\/realitatearutiera.ro\/?p=66379","title":{"rendered":"Centrul INFOTRAFIC din Inspectoratul General al Poli\u021biei Rom\u00e2ne informeaz\u0103!"},"content":{"rendered":"\n<p><strong>JUDE\u021aUL ILFOV: TRAFIC RESTRIC\u021aIONAT PE CENTURA CAPITALEI<\/strong><\/p>\n\n\n\n<p><strong>Ora:\u00a0<\/strong>06:15<\/p>\n\n\n\n<p><strong>Centrul INFOTRAFIC din Inspectoratul General al Poli\u021biei Rom\u00e2ne&nbsp;<\/strong>informeaz\u0103 c\u0103 pe \u0219oseaua de centur\u0103 a municipiului Bucure\u0219ti, \u00een apropierea localit\u0103\u021bii Cernica, jude\u021bul Ilfov, a avut loc o coliziune \u00eentre un autobuz ce apar\u021bine Prim\u0103riei Voluntari, \u00een care se aflau 2 c\u0103l\u0103tori, \u0219i un autoturism. Din primele date, \u00een urma impactului, 4 persoane sunt r\u0103nite (una posibil grav, celelalte u\u0219or), toate din autoturism, primind \u00eengrijiri medicale la fa\u021ba locului. Valorile de trafic sunt ridicate \u00een zon\u0103, circul\u00e2ndu-se alternativ, pe un fir.<\/p>\n\n\n\n<p>Se estimeaz\u0103 ca traficul s\u0103 fie reluat, \u00een condi\u021bii normale, \u00een 30-45 de minute.<\/p>\n\n\n\n<p><strong>JUDE\u021aUL IALOMI\u021aA: CIRCULA\u021aIE \u00ceNTRERUPT\u0102 PE DN2<\/strong><\/p>\n\n\n\n<p><strong>Ora:&nbsp;<\/strong>06:40<\/p>\n\n\n\n<p><strong>Centrul INFOTRAFIC din Inspectoratul General al Poli\u021biei Rom\u00e2ne&nbsp;<\/strong>informeaz\u0103 c\u0103 traficul rutier este oprit pe DN 2 Bucure\u0219ti-Urziceni, \u00een zona localit\u0103\u021bii Movili\u021ba, jude\u021bul Ialomi\u021ba, dup\u0103 ce s-a produs un impact \u00een care au fost implicate dou\u0103 autoturisme. Coliziunea s-a soldat cu r\u0103nirea a trei persoane, toate primesc \u00eengrijiri medicale la fa\u021ba locului.<\/p>\n\n\n\n<p>Circula\u021bia este deviat\u0103 prin comuna Movili\u021ba, pe str\u0103zi laterale.<\/p>\n\n\n\n<p>Se estimeaz\u0103 ca traficul s\u0103 fie reluat, \u00een condi\u021bii normale, \u00een 30 de minute.<\/p>\n\n\n\n<h3 class=\"wp-block-heading\">SITUA\u0162IA TRAFICULUI LA ORA 07:15<\/h3>\n\n\n\n<p><strong>Data:&nbsp;<\/strong>15 Iulie 2020<\/p>\n\n\n\n<p><strong>Ora:&nbsp;<\/strong>07:15<\/p>\n\n\n\n<p><strong>Centrul INFOTRAFIC din Inspectoratul General al Poli\u021biei Rom\u00e2ne&nbsp;<\/strong>informeaz\u0103 c\u0103, la aceast\u0103 or\u0103, sunt semnalate un drum na\u021bional \u0219i un drum jude\u021bean cu circula\u021bia rutier\u0103 restric\u021bionat\u0103, ca urmare a condi\u021biilor meteo nefavorabile. Este vorba despre:<\/p>\n\n\n\n<p>&#8211; DN1R &#8211; blocat \u00een localitatea S\u00e2ncraiu, jude\u021bul Cluj (circula\u021bia rutier\u0103 este deviat\u0103 pe DJ 126, prin localitate);<\/p>\n\n\n\n<p>&#8211; DJ 672C &#8211; blocat \u00een zona localit\u0103\u021bii Runcu, jude\u021bul Gorj;<\/p>\n\n\n\n<p>Pe principalele artere rutiere se circul\u0103 \u00een condi\u021biile unui carosabil uscat, valorile de trafic fiind normale. Aglomera\u021bie se \u00eenregistreaz\u0103 pe Centura Bucure\u0219ti, \u00een zona localit\u0103\u021bilor Pantelimon, Cernica, Bragadiru \u0219i Mogo\u0219oaia.<\/p>\n\n\n\n<p>Pe autostrada A1 Deva-N\u0103dlac, \u00eentre kilometrii 468+520 de metri \u2013 473+440 de metri, \u00eentre localit\u0103\u021bile Remetea Mare \u0219i Lugoj, jude\u021bul Timi\u0219, au loc lucr\u0103ri de repara\u021bii la carosabil. Din acest motiv, traficul rutier se deviaz\u0103 de pe sensul c\u0103tre Deva, pe sensul c\u0103tre N\u0103dlac, circul\u00e2ndu-se pe o band\u0103 pentru fiecare direc\u021bie. Circula\u021bia rutier\u0103 nu este afectat\u0103 pe drumurile jude\u021bene din apropiere.<\/p>\n\n\n\n<p>Circula\u021bia este restric\u021bionat\u0103 pe banda de urgen\u021b\u0103 \u0219i pe prima band\u0103 pe sensul c\u0103tre Sebe\u0219 al autostr\u0103zii A1 Sibiu-Deva, \u00eentre kilometrii 275 \u2013 276+500 de metri, \u00een zona localit\u0103\u021bii Aciliu, jude\u021bul Sibiu, \u00eentruc\u00e2t se efectueaz\u0103 lucr\u0103ri de repara\u021bii a suprafe\u021bei de rulare.<\/p>\n\n\n\n<p><strong><em>Recomand\u0103m conduc\u0103torilor auto s\u0103 manifeste pruden\u0163\u0103 la volan, s\u0103 se asigure \u015fi s\u0103 semnalizeze \u00eenainte de schimbarea direc\u0163iei de deplasare, dar \u0219i s\u0103 creasc\u0103 distan\u0163a de siguran\u0163\u0103 \u00eentre vehicule.<\/em><\/strong><\/p>\n\n\n\n<p>Sursa:poolitiaromana<\/p>\n","protected":false},"excerpt":{"rendered":"<p>JUDE\u021aUL ILFOV: TRAFIC RESTRIC\u021aIONAT PE CENTURA CAPITALEI Ora:\u00a006:15 Centrul INFOTRAFIC din Inspectoratul General al Poli\u021biei Rom\u00e2ne&nbsp;informeaz\u0103 c\u0103 pe \u0219oseaua de<\/p>\n","protected":false},"author":1,"featured_media":38224,"comment_status":"closed","ping_status":"closed","sticky":false,"template":"","format":"standard","meta":{"spay_email":"","footnotes":"","jetpack_publicize_message":""},"categories":[54],"tags":[],"class_list":["post-66379","post","type-post","status-publish","format-standard","has-post-thumbnail","hentry","category-informatii-rutiere"],"jetpack_featured_media_url":"https:\/\/i1.wp.com\/realitatearutiera.ro\/wp-content\/uploads\/2018\/07\/infotrafic.jpg?fit=425%2C425&ssl=1","jetpack_publicize_connections":[],"jetpack_sharing_enabled":true,"jetpack_shortlink":"https:\/\/wp.me\/p61naM-hgD","jetpack-related-posts":[],"_links":{"self":[{"href":"https:\/\/realitatearutiera.ro\/index.php?rest_route=\/wp\/v2\/posts\/66379","targetHints":{"allow":["GET"]}}],"collection":[{"href":"https:\/\/realitatearutiera.ro\/index.php?rest_route=\/wp\/v2\/posts"}],"about":[{"href":"https:\/\/realitatearutiera.ro\/index.php?rest_route=\/wp\/v2\/types\/post"}],"author":[{"embeddable":true,"href":"https:\/\/realitatearutiera.ro\/index.php?rest_route=\/wp\/v2\/users\/1"}],"replies":[{"embeddable":true,"href":"https:\/\/realitatearutiera.ro\/index.php?rest_route=%2Fwp%2Fv2%2Fcomments&post=66379"}],"version-history":[{"count":1,"href":"https:\/\/realitatearutiera.ro\/index.php?rest_route=\/wp\/v2\/posts\/66379\/revisions"}],"predecessor-version":[{"id":66380,"href":"https:\/\/realitatearutiera.ro\/index.php?rest_route=\/wp\/v2\/posts\/66379\/revisions\/66380"}],"wp:featuredmedia":[{"embeddable":true,"href":"https:\/\/realitatearutiera.ro\/index.php?rest_route=\/wp\/v2\/media\/38224"}],"wp:attachment":[{"href":"https:\/\/realitatearutiera.ro\/index.php?rest_route=%2Fwp%2Fv2%2Fmedia&parent=66379"}],"wp:term":[{"taxonomy":"category","embeddable":true,"href":"https:\/\/realitatearutiera.ro\/index.php?rest_route=%2Fwp%2Fv2%2Fcategories&post=66379"},{"taxonomy":"post_tag","embeddable":true,"href":"https:\/\/realitatearutiera.ro\/index.php?rest_route=%2Fwp%2Fv2%2Ftags&post=66379"}],"curies":[{"name":"wp","href":"https:\/\/api.w.org\/{rel}","templated":true}]}}