{"id":66601,"date":"2020-07-20T11:12:55","date_gmt":"2020-07-20T08:12:55","guid":{"rendered":"http:\/\/realitatearutiera.ro\/?p=66601"},"modified":"2020-07-20T11:12:58","modified_gmt":"2020-07-20T08:12:58","slug":"restrictiile-zonale-un-scenariu-din-ce-in-ce-mai-des-mentionat-de-autoritati","status":"publish","type":"post","link":"https:\/\/realitatearutiera.ro\/?p=66601","title":{"rendered":"Restric\u021biile zonale, un scenariu din ce \u00een ce mai des men\u021bionat de autorit\u0103\u021bi"},"content":{"rendered":"\n<p><strong>\u0218eful DSU, Raed Arafat,&nbsp;<a href=\"https:\/\/www.digi24.ro\/stiri\/actualitate\/sanatate\/raed-arafat-atentie-este-posibil-sa-se-impuna-anumite-restrictii-in-anumite-zone-1337110\" target=\"_blank\" rel=\"noreferrer noopener\">a reconfirmat,<\/a>&nbsp;duminic\u0103 seara, la Digi24, c\u0103 este posibil ca autorit\u0103\u021bile s\u0103 ia m\u0103suri restrictive \u00een acele zone unor vor fi cre\u0219teri mari ale cazurilor de infectare cu coronavirus. Restric\u021biile se vor impune \u00een baza unor analize ale speciali\u0219tilor \u0219i autorit\u0103\u021bilor, mai ales c\u0103 mar\u021bi va intra \u00een vigoare \u0219i&nbsp;<a href=\"https:\/\/www.digi24.ro\/stiri\/actualitate\/klaus-iohannis-a-promulgat-legea-carantinei-si-izolarii-1339767\" target=\"_blank\" rel=\"noreferrer noopener\">legea privind carantina \u0219i izolarea<\/a>, care are prevederi \u00een acest sens.<\/strong><\/p>\n\n\n\n<p>\u201eEste posibil s\u0103 se ajung\u0103 la m\u0103suri zonale, regionale, de restric\u021bie, acolo unde apar zone foarte afectate. Acest lucru este posibil. Normal c\u0103 nu-l decide o persoan\u0103, dar asta se face \u00een baza analizelor care se fac la Institutul Na\u021bional de S\u0103n\u0103tate Public\u0103 \u0219i de c\u0103tre speciali\u0219tii \u00een domeniu. Deci, asta este realitatea, este posibil s\u0103 vedem anumite m\u0103suri care se iau \u00een anumite zone, unde num\u0103rul cazurilor este \u00een cre\u0219tere semnificativ\u0103 comparativ cu num\u0103rul popula\u021biei\u201d, a spus Raed Arafat, care a comentat&nbsp;<a href=\"https:\/\/www.digi24.ro\/stiri\/actualitate\/prognoza-conditiile-pentru-starea-de-urgenta-indeplinite-intre-1-3-august-scenariu-pesimist-un-milion-de-cazuri-in-septembrie-1340367\" target=\"_blank\" rel=\"noreferrer noopener\">prognoza sumbr\u0103<\/a>&nbsp;a evolu\u021biei epidemiei de coronavirus f\u0103cut\u0103 de compania Avantera.<\/p>\n\n\n\n<p>\u00cen Rom\u00e2nia s-ar putea ajunge la&nbsp;<a href=\"https:\/\/www.digi24.ro\/stiri\/actualitate\/prognoza-conditiile-pentru-starea-de-urgenta-indeplinite-intre-1-3-august-scenariu-pesimist-un-milion-de-cazuri-in-septembrie-1340367\" target=\"_blank\" rel=\"noreferrer noopener\">un milion de infect\u0103ri<\/a>&nbsp;cu coronavirus \u00een luna septembrie, conform acestui studiu, care arat\u0103 \u0219i care sunt jude\u021bele din Rom\u00e2nia unde sunt cre\u0219teri \u00eengrijor\u0103toare \u0219i unde s-ar putea impune m\u0103suri de control.<\/p>\n\n\n\n<p>Restric\u021biile locale s-au mai impus \u00een perioada care a trecut, iar acum, c\u00e2nd intr\u0103 \u00een vigoare noua lege, de mar\u021bi, ea are prevederi care permit astfel de m\u0103suri, \u00een baza recomand\u0103rilor DSP-ului \u0219i INSP-ului \u0219i a comitetelor jude\u021bene pentru situa\u021bii de urgen\u021b\u0103, a men\u021bionat&nbsp;<a href=\"https:\/\/www.digi24.ro\/stiri\/actualitate\/raed-arafat-despre-prognoza-sumbra-a-evolutiei-coronavirusului-in-romania-riscul-ca-acest-studiu-sa-se-confirme-exista-1340412\" target=\"_blank\" rel=\"noreferrer noopener\">Raed Arafat la Digi24<\/a>.<\/p>\n\n\n\n<p>\u00cen cazul unor destina\u021bii de vacan\u021b\u0103 unde se petrec aglomera\u021bii \u0219i unde nu se respect\u0103 recomand\u0103rile de distan\u021bare fizic\u0103, cum ar fi\u00a0<a rel=\"noreferrer noopener\" href=\"https:\/\/www.digi24.ro\/stiri\/actualitate\/un-grafic-ingrijorator-al-raspandirii-covid-19-in-romania-ar-putea-fi-carantinata-vama-veche-1339675\" target=\"_blank\">Vama Veche<\/a>,\u00a0 acolo m\u0103surile de control din partea autorit\u0103\u021bilor ar fi o prima faz\u0103, dar aceast\u0103 faz\u0103 poate fi urmat\u0103 de o \u201ealt\u0103 abordare\u201d, care, dac\u0103 va fi necesar\u0103, se va discuta la Comitetul Na\u021bional pentru Situa\u021bii de Urgen\u021b\u0103, a explicat Raed Arafat. \u201eDar la acest moment, se va insista pe intensificarea m\u0103surilor de control\u201d, a spus \u0219eful DSU.<\/p>\n\n\n\n<p>\u201eS-ar putea, la nivel local, s\u0103 se ia m\u0103suri merg\u00e2nd de la \u00eenchiderea parcurilor la interdic\u021bia (circula\u021biei &#8211; n.r.) pe anumite zone \u0219i toate aceste aspecte care pot limita contactul \u0219i pot cre\u0219te distan\u021ba. Orice poate s\u0103 se \u00eent\u00e2mple, pe un plan zonal,<strong>&nbsp;inclusiv \u00eenchiderea teraselor<\/strong>, pentru limitarea r\u0103sp\u00e2ndirii\u201d, explica Raed Arafat, vineri, la Digi24.<\/p>\n\n\n\n<p>\u0218i ministrul s\u0103n\u0103t\u0103\u021bii, Nelu T\u0103taru,&nbsp;<a href=\"https:\/\/www.digi24.ro\/stiri\/economie\/consumatori\/nelu-tataru-spune-ca-ar-putea-fi-reintroduse-restrictii-pentru-functionarea-teraselor-1340282\" target=\"_blank\" rel=\"noreferrer noopener\">avertiza<\/a>&nbsp;c\u0103 ar putea fi impuse restric\u021bii, de pild\u0103 \u00een func\u021bionarea teraselor: \u201e\u00cen func\u0163ie de evolu\u0163ie, vor fi \u015fi anumite restric\u0163ii. Noi nu vrem s\u0103 fie restric\u0163ii. Noi vrem ca toat\u0103 lumea s\u0103 con\u015ftientizeze \u015fi s\u0103 respecte acele norme. C\u00e2nd am f\u0103cut acele m\u0103suri de relaxare, le-am f\u0103cut \u00eenso\u0163ite \u015fi de un ordon de ministru, comun cu ministrul de resort, care prevedeau \u015fi acele norme de func\u0163ionare \u015fi desf\u0103\u015furare. Toat\u0103 lumea \u015fi le-a asumat, inclusiv acei agen\u0163i economici care deschid \u00een acel sens afacerile, dar r\u0103m\u00e2ne s\u0103 le \u015fi respecte. \u00cen condi\u0163iile \u00een care nu vor fi respectate, vor fi \u015fi controale mai \u00eente\u0163ite \u00een urm\u0103toarea perioad\u0103\u201d, a declarat duminic\u0103 Nelu T\u0103taru.<\/p>\n\n\n\n<p>Reimpunerea unor restric\u021bii nu a fost exclus\u0103 nici de premierul Ludovic Orban sau de pre\u0219edintele Klaus Iohannis, care \u00eens\u0103 de fiecare dat\u0103 au subliniat c\u0103 aceast\u0103 perspectiv\u0103 nu este de dorit \u0219i se poate evita dac\u0103 popula\u021bia respect\u0103 recomand\u0103rile sanitare. Chiar s\u00e2mb\u0103t\u0103 premierul Ludovic Orban\u00a0<a rel=\"noreferrer noopener\" href=\"https:\/\/www.digi24.ro\/stiri\/actualitate\/politica\/orban-nu-ne-dorim-sa-mai-impunem-nicio-restrictie-nicio-masura-cu-efect-negativ-asupra-economiei-1339792\" target=\"_blank\">afirma<\/a>\u00a0c\u0103 Guvernul nu dore\u015fte s\u0103 mai impun\u0103 nicio restric\u0163ie \u00een contextul pandemiei \u0219i mai ales nicio m\u0103sur\u0103 cu efect negativ asupra economiei, dar acest lucru \u201edepinde de respectarea regulilor\u201d.<\/p>\n\n\n\n<p>sursa: digi24.ro<\/p>\n","protected":false},"excerpt":{"rendered":"<p>\u0218eful DSU, Raed Arafat,&nbsp;a reconfirmat,&nbsp;duminic\u0103 seara, la Digi24, c\u0103 este posibil ca autorit\u0103\u021bile s\u0103 ia m\u0103suri restrictive \u00een acele zone<\/p>\n","protected":false},"author":1,"featured_media":66602,"comment_status":"closed","ping_status":"closed","sticky":false,"template":"","format":"standard","meta":{"spay_email":"","footnotes":"","jetpack_publicize_message":""},"categories":[6],"tags":[],"class_list":["post-66601","post","type-post","status-publish","format-standard","has-post-thumbnail","hentry","category-social"],"jetpack_featured_media_url":"https:\/\/i1.wp.com\/realitatearutiera.ro\/wp-content\/uploads\/2020\/07\/62137847.jpg?fit=1408%2C882&ssl=1","jetpack_publicize_connections":[],"jetpack_sharing_enabled":true,"jetpack_shortlink":"https:\/\/wp.me\/p61naM-hkd","jetpack-related-posts":[],"_links":{"self":[{"href":"https:\/\/realitatearutiera.ro\/index.php?rest_route=\/wp\/v2\/posts\/66601","targetHints":{"allow":["GET"]}}],"collection":[{"href":"https:\/\/realitatearutiera.ro\/index.php?rest_route=\/wp\/v2\/posts"}],"about":[{"href":"https:\/\/realitatearutiera.ro\/index.php?rest_route=\/wp\/v2\/types\/post"}],"author":[{"embeddable":true,"href":"https:\/\/realitatearutiera.ro\/index.php?rest_route=\/wp\/v2\/users\/1"}],"replies":[{"embeddable":true,"href":"https:\/\/realitatearutiera.ro\/index.php?rest_route=%2Fwp%2Fv2%2Fcomments&post=66601"}],"version-history":[{"count":1,"href":"https:\/\/realitatearutiera.ro\/index.php?rest_route=\/wp\/v2\/posts\/66601\/revisions"}],"predecessor-version":[{"id":66603,"href":"https:\/\/realitatearutiera.ro\/index.php?rest_route=\/wp\/v2\/posts\/66601\/revisions\/66603"}],"wp:featuredmedia":[{"embeddable":true,"href":"https:\/\/realitatearutiera.ro\/index.php?rest_route=\/wp\/v2\/media\/66602"}],"wp:attachment":[{"href":"https:\/\/realitatearutiera.ro\/index.php?rest_route=%2Fwp%2Fv2%2Fmedia&parent=66601"}],"wp:term":[{"taxonomy":"category","embeddable":true,"href":"https:\/\/realitatearutiera.ro\/index.php?rest_route=%2Fwp%2Fv2%2Fcategories&post=66601"},{"taxonomy":"post_tag","embeddable":true,"href":"https:\/\/realitatearutiera.ro\/index.php?rest_route=%2Fwp%2Fv2%2Ftags&post=66601"}],"curies":[{"name":"wp","href":"https:\/\/api.w.org\/{rel}","templated":true}]}}