{"id":66705,"date":"2020-07-22T09:58:12","date_gmt":"2020-07-22T06:58:12","guid":{"rendered":"http:\/\/realitatearutiera.ro\/?p=66705"},"modified":"2020-07-22T09:58:15","modified_gmt":"2020-07-22T06:58:15","slug":"traficul-este-intrerupt-pe-dn73-campulung-brasov-in-statiunea-bran","status":"publish","type":"post","link":"https:\/\/realitatearutiera.ro\/?p=66705","title":{"rendered":"Traficul este \u00eentrerupt pe DN73 C\u00e2mpulung-Bra\u015fov, \u00een sta\u0163iunea Bran"},"content":{"rendered":"\n<p>Un pode\u0163 s-a surpat mar\u0163i dup\u0103-amiaz\u0103 \u00een Bra\u015fov, circula\u0163ia fiind oprit\u0103 pe ambele sensuri pe DN73 C\u00e2mpulung-Bra\u015fov, \u00een sta\u0163iunea Bran.<\/p>\n\n\n\n<p>Un pod s-a surpat \u00een Bra\u015fov. Traficul este \u00eentrerupt<\/p>\n\n\n\n<p>Centrul Infotrafic din Inspectoratul General al Poli\u0163iei Rom\u00e2ne informeaz\u0103 c\u0103 circula\u0163ia este oprit\u0103 pe ambele sensuri pe DN73 C\u00e2mpulung-Bra\u015fov, la kilometrul 107+500 de metri, \u00een sta\u0163iunea Bran, jude\u0163ul Bra\u015fov, \u00een urma surp\u0103rii unui pode\u0163.<\/p>\n\n\n\n<p>P\u00e2n\u0103 \u00een prezent, \u00een zon\u0103 se executau lucr\u0103ri de repara\u0163ii la partea carosabil\u0103, astfel c\u0103 circula\u0163ia s-a desf\u0103\u015furat \u00eengreunat, pe un fir alternativ.<\/p>\n\n\n\n<p>Nu exist\u0103 rute ocolitoare \u00een zon\u0103.<\/p>\n","protected":false},"excerpt":{"rendered":"<p>Un pode\u0163 s-a surpat mar\u0163i dup\u0103-amiaz\u0103 \u00een Bra\u015fov, circula\u0163ia fiind oprit\u0103 pe ambele sensuri pe DN73 C\u00e2mpulung-Bra\u015fov, \u00een sta\u0163iunea Bran.<\/p>\n","protected":false},"author":1,"featured_media":66706,"comment_status":"closed","ping_status":"closed","sticky":false,"template":"","format":"standard","meta":{"spay_email":"","footnotes":"","jetpack_publicize_message":""},"categories":[54],"tags":[],"class_list":["post-66705","post","type-post","status-publish","format-standard","has-post-thumbnail","hentry","category-informatii-rutiere"],"jetpack_featured_media_url":"https:\/\/i2.wp.com\/realitatearutiera.ro\/wp-content\/uploads\/2020\/07\/4bd77042fccb19401bc1d5305409c99c.jpg?fit=970%2C546&ssl=1","jetpack_publicize_connections":[],"jetpack_sharing_enabled":true,"jetpack_shortlink":"https:\/\/wp.me\/p61naM-hlT","jetpack-related-posts":[],"_links":{"self":[{"href":"https:\/\/realitatearutiera.ro\/index.php?rest_route=\/wp\/v2\/posts\/66705","targetHints":{"allow":["GET"]}}],"collection":[{"href":"https:\/\/realitatearutiera.ro\/index.php?rest_route=\/wp\/v2\/posts"}],"about":[{"href":"https:\/\/realitatearutiera.ro\/index.php?rest_route=\/wp\/v2\/types\/post"}],"author":[{"embeddable":true,"href":"https:\/\/realitatearutiera.ro\/index.php?rest_route=\/wp\/v2\/users\/1"}],"replies":[{"embeddable":true,"href":"https:\/\/realitatearutiera.ro\/index.php?rest_route=%2Fwp%2Fv2%2Fcomments&post=66705"}],"version-history":[{"count":1,"href":"https:\/\/realitatearutiera.ro\/index.php?rest_route=\/wp\/v2\/posts\/66705\/revisions"}],"predecessor-version":[{"id":66707,"href":"https:\/\/realitatearutiera.ro\/index.php?rest_route=\/wp\/v2\/posts\/66705\/revisions\/66707"}],"wp:featuredmedia":[{"embeddable":true,"href":"https:\/\/realitatearutiera.ro\/index.php?rest_route=\/wp\/v2\/media\/66706"}],"wp:attachment":[{"href":"https:\/\/realitatearutiera.ro\/index.php?rest_route=%2Fwp%2Fv2%2Fmedia&parent=66705"}],"wp:term":[{"taxonomy":"category","embeddable":true,"href":"https:\/\/realitatearutiera.ro\/index.php?rest_route=%2Fwp%2Fv2%2Fcategories&post=66705"},{"taxonomy":"post_tag","embeddable":true,"href":"https:\/\/realitatearutiera.ro\/index.php?rest_route=%2Fwp%2Fv2%2Ftags&post=66705"}],"curies":[{"name":"wp","href":"https:\/\/api.w.org\/{rel}","templated":true}]}}