{"id":66749,"date":"2020-07-23T10:39:45","date_gmt":"2020-07-23T07:39:45","guid":{"rendered":"http:\/\/realitatearutiera.ro\/?p=66749"},"modified":"2020-07-23T10:39:48","modified_gmt":"2020-07-23T07:39:48","slug":"vacante-grija-mai-atenta-pentru-sanatate","status":"publish","type":"post","link":"https:\/\/realitatearutiera.ro\/?p=66749","title":{"rendered":"Vacan\u0163e, grij\u0103 mai atent\u0103 pentru s\u0103n\u0103tate!"},"content":{"rendered":"\n<p>\u00cen vacan\u0163\u0103, ultimul lucru pe care \u0163i l-ai putea dori sunt problemele de s\u0103n\u0103tate. Dac\u0103 suferi de boli cronice, mergi la medicul de familie, at\u00e2t pentru un control de rutin\u0103, c\u00e2t \u015fi pentru eventuale sfaturi de care ai putea avea nevoie \u00een func\u0163ie de destina\u0163ia de vacan\u0163\u0103.<\/p>\n\n\n\n<p>Din experien\u0163a anilor trecu\u0163i, c\u00e2nd probabil tu \u015fi familia ta v-a\u0163i confruntat cu probleme precum r\u0103ul de ma\u015fin\u0103, este bine s\u0103 \u015ftii s\u0103 previi astfel de nepl\u0103ceri. Dac\u0103 ai o boal\u0103 cronic\u0103, dac\u0103 urmezi tratamente medicamentoase, este cu at\u00e2t mai mult necesar s\u0103 \u015ftii s\u0103 previi tot felul de probleme de s\u0103n\u0103tate care v\u0103 pot strica planurile de vacan\u0163\u0103.&nbsp;<\/p>\n\n\n\n<h2 class=\"wp-block-heading\">Ce po\u0163i face contra r\u0103ului de ma\u015fin\u0103<\/h2>\n\n\n\n<p>Nepl\u0103cere manifest\u0103 prin st\u0103ri de grea\u0163\u0103 \u015fi de vom\u0103, r\u0103ul de ma\u015fin\u0103 apare din cauza neconcordan\u0163ei dintre stimulii primi\u0163i de creier de la receptorii vizuali \u015fi cei ai echilibrului. Pentru a-l preveni, este indicat ca, \u00een ma\u015fin\u0103 sau autocar, s\u0103 \u00ee\u0163i g\u0103se\u015fti un punct \u00een exterior la care s\u0103 prive\u015fti. Dac\u0103 \u015ftii c\u0103 r\u0103ul de ma\u015fin\u0103 \u00ee\u0163i creeaz\u0103 o stare de r\u0103u general\u0103, po\u0163i \u00eencerca anumite medicamente speciale, dar doar la recomandarea medicului. La farmacie g\u0103se\u015fti \u015fi preparate homeopate, iar preventiv po\u0163i face \u015fi un tratament cu infuzie de p\u0103ducel.&nbsp;&nbsp;<\/p>\n\n\n\n<h2 class=\"wp-block-heading\">Expune-te treptat la soare!<\/h2>\n\n\n\n<p>Este bine de \u015ftiut c\u0103, dac\u0103 nu bei suficient\u0103 ap\u0103 \u015fi te expui la soare, este posibil s\u0103 te confrun\u0163i cu st\u0103ri de ame\u0163eal\u0103. Expune-te treptat la soare, c\u00e2te o jum\u0103tate de or\u0103 \u00een primele zile, dup\u0103 care cre\u015fti treptat durata. Dac\u0103 ai pielea sensibil\u0103 sau dac\u0103 ai fototip 1 sau 2 (p\u0103r ro\u015fcat sau blond, piele alb\u0103, ochi verzi sau alba\u015ftri), folose\u015fte \u00een primele zile creme cu SPF ridicat (40 sau 50+), dup\u0103 care le po\u0163i utiliza pe cele cu SPF 30. De asemenea, nu uita nici de cremele calmante dup\u0103 plaj\u0103.<ins><\/ins><\/p>\n\n\n\n<p>Nu te expune la soare dac\u0103 ai avut opera\u0163ii chirurgicale recente \u015fi nici dac\u0103 ai boli precum lupus eritematos sistemic. La aproximativ 70% din ace\u015fti bolnavi, expunerea \u00eendelungat\u0103 la razele soarelui favorizeaz\u0103 apari\u0163ia leziunilor cutanate, a durerilor articulare \u015fi a oboselii. Au contraindica\u0163ie la expunerea la soare \u015fi cei cu alergie solar\u0103, porfirie cutanat\u0103 (manifestat\u0103 prin apari\u0163ia unor vezicule pline cu lichid), melanom malign \u015fi cei cu herpes recidivant.<\/p>\n\n\n\n<h2 class=\"wp-block-heading\">Ce trebuie s\u0103 con\u0163in\u0103 trusa de prim ajutor<\/h2>\n\n\n\n<p>Cu c\u00e2teva zile \u00eenainte de a pleca \u00een vacan\u0163\u0103, preg\u0103te\u015fte-\u0163i trusa medical\u0103. Aceasta trebuie s\u0103 con\u0163in\u0103 dezinfectante, comprese sterile, leucoplast, foarfec\u0103, fa\u015f\u0103 elastic\u0103, garou, medicamente antalgice, antiinflamatoare, antispastice, antidiareice, antivomitive, antipiretice, laxative \u015fi antihistaminice. Din trus\u0103 nu trebuie s\u0103 \u00ee\u0163i lipseasc\u0103 nici unguentele anibacteriene, lo\u0163iunile contra insectelor \u015fi pentru calmarea \u00een\u0163ep\u0103turilor (alcool mentolat), plasturii \u015fi gelurile pentru atenuarea durerilor (\u00een caz de lovituri, contuzii).&nbsp; &nbsp;<\/p>\n\n\n\n<h2 class=\"wp-block-heading\"><strong>De ce s\u0103 mai \u0163ii cont<\/strong><\/h2>\n\n\n\n<p>* Nu cump\u0103ra m\u00e2ncare de la v\u00e2nz\u0103torii ambulan\u0163i.CITE\u0218TE \u0218I&#8230;<a target=\"_blank\" href=\"https:\/\/redactia.ro\/il-mai-tineti-minte-pe-arsenie-din-trupa-o-zone-iata-cat-s-a-schimbat-artistul-fata-de-acum-20-de-ani-52889?utm_source=ClickPentruFemei_SubArticol&amp;amp;utm_medium=Referral&amp;amp;utm_campaign=fidmee\" rel=\"noreferrer noopener\"><\/a><\/p>\n\n\n\n<p>* Dac\u0103 urmezi un tratament de lung\u0103 durat\u0103, asigur\u0103-te c\u0103 ai medicamente la tine pe toat\u0103 durata vacan\u0163ei.<\/p>\n\n\n\n<p>* Cite\u015fte pe prospect temperaturile la care trebuie p\u0103strate medicamentele sau diverse alte produse farmaceutice de care ai nevoie c\u00e2nd e\u015fti \u00een concediu.<\/p>\n\n\n\n<p>Sursa: clik<\/p>\n","protected":false},"excerpt":{"rendered":"<p>\u00cen vacan\u0163\u0103, ultimul lucru pe care \u0163i l-ai putea dori sunt problemele de s\u0103n\u0103tate. Dac\u0103 suferi de boli cronice, mergi<\/p>\n","protected":false},"author":1,"featured_media":66750,"comment_status":"closed","ping_status":"closed","sticky":false,"template":"","format":"standard","meta":{"spay_email":"","footnotes":"","jetpack_publicize_message":""},"categories":[80],"tags":[],"class_list":["post-66749","post","type-post","status-publish","format-standard","has-post-thumbnail","hentry","category-sanatate"],"jetpack_featured_media_url":"https:\/\/i0.wp.com\/realitatearutiera.ro\/wp-content\/uploads\/2020\/07\/14-xl.jpg?fit=640%2C480&ssl=1","jetpack_publicize_connections":[],"jetpack_sharing_enabled":true,"jetpack_shortlink":"https:\/\/wp.me\/p61naM-hmB","jetpack-related-posts":[],"_links":{"self":[{"href":"https:\/\/realitatearutiera.ro\/index.php?rest_route=\/wp\/v2\/posts\/66749","targetHints":{"allow":["GET"]}}],"collection":[{"href":"https:\/\/realitatearutiera.ro\/index.php?rest_route=\/wp\/v2\/posts"}],"about":[{"href":"https:\/\/realitatearutiera.ro\/index.php?rest_route=\/wp\/v2\/types\/post"}],"author":[{"embeddable":true,"href":"https:\/\/realitatearutiera.ro\/index.php?rest_route=\/wp\/v2\/users\/1"}],"replies":[{"embeddable":true,"href":"https:\/\/realitatearutiera.ro\/index.php?rest_route=%2Fwp%2Fv2%2Fcomments&post=66749"}],"version-history":[{"count":1,"href":"https:\/\/realitatearutiera.ro\/index.php?rest_route=\/wp\/v2\/posts\/66749\/revisions"}],"predecessor-version":[{"id":66751,"href":"https:\/\/realitatearutiera.ro\/index.php?rest_route=\/wp\/v2\/posts\/66749\/revisions\/66751"}],"wp:featuredmedia":[{"embeddable":true,"href":"https:\/\/realitatearutiera.ro\/index.php?rest_route=\/wp\/v2\/media\/66750"}],"wp:attachment":[{"href":"https:\/\/realitatearutiera.ro\/index.php?rest_route=%2Fwp%2Fv2%2Fmedia&parent=66749"}],"wp:term":[{"taxonomy":"category","embeddable":true,"href":"https:\/\/realitatearutiera.ro\/index.php?rest_route=%2Fwp%2Fv2%2Fcategories&post=66749"},{"taxonomy":"post_tag","embeddable":true,"href":"https:\/\/realitatearutiera.ro\/index.php?rest_route=%2Fwp%2Fv2%2Ftags&post=66749"}],"curies":[{"name":"wp","href":"https:\/\/api.w.org\/{rel}","templated":true}]}}