{"id":66837,"date":"2020-07-27T09:34:32","date_gmt":"2020-07-27T06:34:32","guid":{"rendered":"http:\/\/realitatearutiera.ro\/?p=66837"},"modified":"2020-07-27T09:34:34","modified_gmt":"2020-07-27T06:34:34","slug":"27-iulie-pantelimon-sau-pintilie-calatorul-traditii-si-obiceiuri","status":"publish","type":"post","link":"https:\/\/realitatearutiera.ro\/?p=66837","title":{"rendered":"27 iulie: Pantelimon sau Pintilie C\u0103l\u0103torul. Tradi\u021bii \u0219i obiceiuri"},"content":{"rendered":"\n<h4 class=\"wp-block-heading\"><strong>Credincio\u0219ii cre\u0219tin ortodoc\u0219i \u00eel pr\u0103znuiesc, ast\u0103zi, pe Sf\u00e2ntul mare mucenic Pantelimon.<\/strong><\/h4>\n\n\n\n<p>Acest sf\u00e2nt este pr\u0103znuit de Biserica Ortodox\u0103 \u00een fiecare an pe 27 iulie. Pantelimon este unul dintre cei mai cunoscu\u021bi \u0219i iubi\u021bi sfin\u021bi care fac parte din Biserica lui Hristos. Este supranumit \u201edoctor f\u0103r\u0103 de argin\u021bi\u201d, fapt care arata c\u0103 sf\u00e2ntul nu a fost interesat de averi, mul\u021bumindu-se cu ceea ce a avut din rosturile sale.<\/p>\n\n\n\n<p>Pantelimon este cunoscut ca fiind ocrotitorul medicilor \u0219i t\u0103m\u0103duitorul bolnavilor. Mai mult, acesta este un model de doctor, cre\u0219tin \u0219i slujitor al M\u00e2ntuitorului Iisus Hristos.<\/p>\n\n\n\n<h4 class=\"wp-block-heading\">S\u0102RB\u0102TORI POPULARE \u2013 PINTILIE C\u0102L\u0102TORUL (27 iulie)<\/h4>\n\n\n\n<p>Pantelimon sau Pintilie C\u0103l\u0103torul, frate cu S\u00e2ntilie, este o reprezentare mitic\u0103 a c\u0103rei zi de celebrare (27 iulie) este un important hotar \u00een scurgerea timpului calendaristic.<\/p>\n\n\n\n<p>Este ultima s\u0103rb\u0103toare a Panteliilor (<strong><a href=\"https:\/\/www.stiri-neamt.ro\/13-iulie-panteliile-doua-saptamani-de-sarbatoare-la-romani-traditii-in-luna-lui-cuptor\/\">vezi articolul AICI<\/a><\/strong>).<\/p>\n\n\n\n<p>Acum se spunea c\u0103 se \u00eentoarce crugul Cerului spre toamn\u0103 \u015fi iarn\u0103, c\u0103 p\u0103s\u0103rile, \u00een special berzele (cocost\u00e2rcii), se str\u00e2ng stoluri preg\u0103tindu-se pentru plecare \u00een \u0163\u0103rile calde, iar cerbul iese din r\u00e2u vestind r\u0103cirea apei (Moldova).<\/p>\n\n\n\n<p>Pentru a desp\u0103r\u0163i anotimpurile \u00eentre ele \u015fi pentru a le da nume, rom\u00e2nii din vechime au \u0163inut sub observa\u0163ie veacuri la r\u00e2nd natura \u00eenconjur\u0103toare.<\/p>\n\n\n\n<p>A\u015fa, spre exemplu, au ajuns s\u0103 considere, la un moment dat, c\u0103 s\u0103rb\u0103toarea lui Pintilie C\u0103l\u0103torul era hotarul dintre var\u0103 \u015fi toamn\u0103, c\u0103 tocmai acum, pe 27 iulie, \u201e<em>se \u00eentoarce cr\u00e2ngu\u2019 (crugul cerului sau bolta cereasc\u0103) spre toamn\u0103<\/em>\u201d.<\/p>\n\n\n\n<h4 class=\"wp-block-heading\">S\u0103rb\u0103toarea de la sf\u00e2r\u015fitul lui Cuptor se nume\u015fte, \u00een Muntenia, Pantelimon sau Pantelimonul Oveselor, \u00een Oltenia, Sf\u00e2ntul Ilie cel Mic sau cel \u015echiop, prin Moldova spun\u00e2ndu-i-se, cel mai adesea, Pintilie (sau Pentelei) C\u0103l\u0103torul.<\/h4>\n\n\n\n<p>Era \u0163inut\u0103 de cei care c\u0103l\u0103toreau des \u015fi de cojocari, acum serb\u00e2ndu-se coacerea harbujilor.<\/p>\n\n\n\n<p>Pe vremuri, \u00een s\u00e2mb\u0103ta dinaintea s\u0103rb\u0103torii, sau chiar \u00een ziua lui Pintilie, se f\u0103ceau praznice, d\u00e2ndu-se de poman\u0103 mere \u015fi pere, uneori cu felii de p\u00e2ine, pentru sufletele copiilor mor\u0163i; dac\u0103 nu se f\u0103cea a\u015fa, se credea c\u0103 pruncii mor\u0163i nu vor putea m\u00e2nca mere pe ceea lume.<\/p>\n\n\n\n<p>Motiva\u0163ia tradi\u0163ional\u0103 a acestei s\u0103rb\u0103tori se apropie de aceea a lui S\u00e2ntilie, ziua lui Pintilie C\u0103l\u0103torul fiind \u0163inut\u0103 de frica tr\u0103snetelor, grindinii, furtunii \u015fi a secetelor.<\/p>\n\n\n\n<p>Uneori, ziua era atribuit\u0103 unei surori a lui S\u00e2ntilie, aceasta fiind cu mult mai rea dec\u00e2t fratele ei.<\/p>\n\n\n\n<p>De altfel, se considera c\u0103 cel care muncea pe 27 iulie se\u2026 c\u0103l\u0103torea, adic\u0103 murea nu dup\u0103 mult timp.<\/p>\n\n\n\n<p>Interesant e c\u0103 pe 25 iulie mai exist\u0103 \u00een calendarul popular o s\u0103rb\u0103toare numit\u0103 Ana Ospenia, despre cei care \u00eendr\u0103zneau s\u0103 lucreze acum spun\u00e2ndu-se c\u0103 adormeau, dormind trei zile, o s\u0103pt\u0103m\u00e2n\u0103 sau chiar somnul cel lung al mor\u0163ii!<\/p>\n\n\n\n<h4 class=\"wp-block-heading\">\u00cen leg\u0103tur\u0103 cu denumirea cea mai folosit\u0103 a s\u0103rb\u0103\u00adtorii, Pintilie C\u0103l\u0103torul, este \u015fi principala caracteristic\u0103 a zilei de 27 iulie.<\/h4>\n\n\n\n<p>Astfel, exista peste tot credin\u0163a ferm\u0103 c\u0103 de la Pintilie C\u0103l\u0103torul \u201ese c\u0103l\u0103tore\u015fte vara\u201d.<\/p>\n\n\n\n<p>Aceast\u0103 \u201ec\u0103l\u0103\u00adtorie\u201d (plecare) a verii era semnalat\u0103 de c\u00e2teva evenimente vizibile pentru comunit\u0103\u0163ile arhaice, precum \u201ec\u00e2rduirea\u201d p\u0103s\u0103rilor migratoare, mai ales a berzelor, \u201ep\u0103litul\u201d frunzelor, \u00een special a celor de tei, care, se spune, acum \u201ese \u00eentorc pe dos, jelind trecerea verii\u201d, dar \u015fi de privitul oame\u00adnilor, la amiaza acestei zile, \u00eentr-o strachin\u0103 cu ap\u0103, aici put\u00e2ndu-se vedea cum Sf\u00e2ntul Soare st\u0103 pe loc cam o jum\u0103tate de ceas.<\/p>\n\n\n\n<p>De aceea, alt\u0103dat\u0103, se credea c\u0103 la Pintilie C\u0103l\u0103\u00adtorul \u201ee mare jale \u00een cer, c\u0103ci se des\u00adparte vara de toamn\u0103 cum se desparte fiul de mam\u0103\u201d, jelania aceasta strecur\u00e2ndu-se adeseori \u015fi \u00een sufletele oamenilor.<\/p>\n\n\n\n<p>Triste\u0163ea mai era estompat\u0103 de faptul c\u0103 Pintilie C\u0103l\u0103torul ap\u0103ra vitele \u015fi oamenii de multe boli, pe cei care-i \u0163ineau ziua t\u0103m\u0103duindu-i de arsuri sau de epilepsie ori ferindu-i de brumele prea timpurii.<\/p>\n\n\n\n<h4 class=\"wp-block-heading\">OBICEIURI POPULARE \u2013 \u00ceMPERECHEREA RUDARILOR (27-28 iulie)<\/h4>\n\n\n\n<p>Ultima zi a B\u00e2lciului de S\u00e2ntilie de la C\u00e2mpulung, numit\u0103 Pantelimon sau \u00eemperecherea Rudarilor, era dedicat\u0103 cunoa\u015fterii \u015fi c\u0103s\u0103toriei rudarilor din satele \u015fi c\u0103tunele locuite de ace\u015ftia de pe laturile de nord \u015fi de sud ale Carpa\u0163ilor Meridionali: Arge\u015f, D\u00e2mbovi\u0163a, V\u00e2lcea, Bra\u015fov \u015fi Sibiu.<\/p>\n\n\n\n<p>Ceremonialul cuprindea urm\u0103toarele secven\u0163e:<\/p>\n\n\n\n<ul class=\"wp-block-list\"><li>sosirea rudarilor \u00een seara sau \u00een diminea\u0163a zilei de 27 iulie;<\/li><li>g\u0103titul fetelor candidate la c\u0103s\u0103torie prin \u00eembr\u0103carea lor \u00een costume populare rom\u00e2ne\u015fti;<\/li><li>cunoa\u015fterea \u015fi distrac\u0163ia tinerilor \u00een cursul zilei de 27 iulie;<\/li><li>\u00eemperecherea (c\u0103s\u0103toria) tinerilor care se f\u0103ceau nev\u0103zu\u0163i \u00een noaptea de 27\/28 iulie prin p\u0103durea de pe dealul Gruiului;<\/li><li>consfin\u0163irea c\u0103s\u0103toriilor de ob\u015ftea l\u0103rgit\u0103 a rudarilor pe platoul pie\u0163ei din centrul vechi al ora\u015fului C\u00e2mpulung, unde se juca br\u00e2ul dup\u0103 fluier \u00een diminea\u0163a zilei de 28 iulie \u015fi se vedea cine cu cine s-a legat.<\/li><\/ul>\n\n\n\n<h4 class=\"wp-block-heading\">Cu acest prilej se rezolvau \u015fi divor\u0163urile. So\u0163ii certa\u0163i din diferite motive de-a lungul anului plecau \u00een noaptea de Pantelimon \u00een compania altor parteneri.<\/h4>\n\n\n\n<p>\u00cen anii 1970, c\u0103s\u0103toriile oficiale la Prim\u0103rie \u015fi religioase la biseric\u0103 aveau mai pu\u0163in\u0103 importan\u0163\u0103 ca \u00eemperecherea rudarilor \u00een ziua de Pantelimon.<\/p>\n\n\n\n<p>Fetele \u015fi mamele lor \u015fi-ar fi dorit, fire\u015fte, c\u0103s\u0103torii oficiale, care le-ar fi reglementat prin lege soarta viitorilor copii.<\/p>\n\n\n\n<p>Tacit, ele se supuneau unei aspre legi nescrise \u015fi se consolau cu zicala \u201eA\u015fa e obiceiul!\u201d<\/p>\n\n\n\n<p>sursa: stiri-neamt.ro<\/p>\n","protected":false},"excerpt":{"rendered":"<p>Credincio\u0219ii cre\u0219tin ortodoc\u0219i \u00eel pr\u0103znuiesc, ast\u0103zi, pe Sf\u00e2ntul mare mucenic Pantelimon. Acest sf\u00e2nt este pr\u0103znuit de Biserica Ortodox\u0103 \u00een fiecare<\/p>\n","protected":false},"author":1,"featured_media":66838,"comment_status":"closed","ping_status":"closed","sticky":false,"template":"","format":"standard","meta":{"spay_email":"","footnotes":"","jetpack_publicize_message":""},"categories":[6],"tags":[],"class_list":["post-66837","post","type-post","status-publish","format-standard","has-post-thumbnail","hentry","category-social"],"jetpack_featured_media_url":"https:\/\/i1.wp.com\/realitatearutiera.ro\/wp-content\/uploads\/2020\/07\/120449_pantelimon.jpg?fit=350%2C450&ssl=1","jetpack_publicize_connections":[],"jetpack_sharing_enabled":true,"jetpack_shortlink":"https:\/\/wp.me\/p61naM-ho1","jetpack-related-posts":[],"_links":{"self":[{"href":"https:\/\/realitatearutiera.ro\/index.php?rest_route=\/wp\/v2\/posts\/66837","targetHints":{"allow":["GET"]}}],"collection":[{"href":"https:\/\/realitatearutiera.ro\/index.php?rest_route=\/wp\/v2\/posts"}],"about":[{"href":"https:\/\/realitatearutiera.ro\/index.php?rest_route=\/wp\/v2\/types\/post"}],"author":[{"embeddable":true,"href":"https:\/\/realitatearutiera.ro\/index.php?rest_route=\/wp\/v2\/users\/1"}],"replies":[{"embeddable":true,"href":"https:\/\/realitatearutiera.ro\/index.php?rest_route=%2Fwp%2Fv2%2Fcomments&post=66837"}],"version-history":[{"count":1,"href":"https:\/\/realitatearutiera.ro\/index.php?rest_route=\/wp\/v2\/posts\/66837\/revisions"}],"predecessor-version":[{"id":66839,"href":"https:\/\/realitatearutiera.ro\/index.php?rest_route=\/wp\/v2\/posts\/66837\/revisions\/66839"}],"wp:featuredmedia":[{"embeddable":true,"href":"https:\/\/realitatearutiera.ro\/index.php?rest_route=\/wp\/v2\/media\/66838"}],"wp:attachment":[{"href":"https:\/\/realitatearutiera.ro\/index.php?rest_route=%2Fwp%2Fv2%2Fmedia&parent=66837"}],"wp:term":[{"taxonomy":"category","embeddable":true,"href":"https:\/\/realitatearutiera.ro\/index.php?rest_route=%2Fwp%2Fv2%2Fcategories&post=66837"},{"taxonomy":"post_tag","embeddable":true,"href":"https:\/\/realitatearutiera.ro\/index.php?rest_route=%2Fwp%2Fv2%2Ftags&post=66837"}],"curies":[{"name":"wp","href":"https:\/\/api.w.org\/{rel}","templated":true}]}}