{"id":66840,"date":"2020-07-27T09:50:35","date_gmt":"2020-07-27T06:50:35","guid":{"rendered":"http:\/\/realitatearutiera.ro\/?p=66840"},"modified":"2020-07-27T09:50:38","modified_gmt":"2020-07-27T06:50:38","slug":"atentie-soferi-trafic-restrictionat-pe-autostrada-a1-pana-la-ora-12-00-o-cisterna-a-ramas-blocata-pe-drum","status":"publish","type":"post","link":"https:\/\/realitatearutiera.ro\/?p=66840","title":{"rendered":"Aten\u021bie, \u0219oferi! Trafic restric\u0163ionat pe autostrada A1 p\u00e2n\u0103 la ora 12.00 &#8211; o cistern\u0103 a r\u0103mas blocat\u0103 pe drum"},"content":{"rendered":"\n<p>Circula\u0163ia pe autostrada A1 Sibiu-Deva se desf\u0103\u015foar\u0103 luni cu restric\u0163ii, \u00een zona localit\u0103\u021bii Co\u0219evi\u021ba, jude\u021bul Timi\u0219, dup\u0103 ce o cistern\u0103 a r\u0103mas imobilizat\u0103 pe partea carosabil\u0103.<\/p>\n\n\n\n<p>Centrul Infotrafic din Inspectoratul General al Poli\u021biei Rom\u00e2ne informeaz\u0103 c\u0103 pe A1 Sibiu-Deva, la kilometrul 411, sensul c\u0103tre Timi\u0219oara, \u00een zona localit\u0103\u021bii Co\u0219evi\u021ba, jude\u021bul Timi\u0219, o autocistern\u0103 f\u0103r\u0103 \u00eenc\u0103rc\u0103tur\u0103 periculoas\u0103 s-a defectat \u00een timpul deplas\u0103rii \u0219i a r\u0103mas imobilizat\u0103 pe partea carosabil\u0103.<\/p>\n\n\n\n<p>Din acest motiv, banda de urgen\u021b\u0103 \u0219i prima band\u0103 sunt restric\u021bionate, nefiind valori ridicate de trafic \u00een zon\u0103.<\/p>\n\n\n\n<p>Conform DRDP Timi\u0219oara, pe autostrada A1, \u00een apropiere de nodul Dobra, se circul\u0103 doar pe banda a doua, benzile 1 \u0219i de urgen\u021b\u0103 fiind \u00eenchise. O autocistern\u0103 s-a stricat \u00een timpul deplas\u0103rii \u0219i a r\u0103mas imobilizat\u0103 pe partea carosabil\u0103.<\/p>\n\n\n\n<p>Se estimeaz\u0103 reluarea traficului \u00een jurul orei 12.00.<\/p>\n","protected":false},"excerpt":{"rendered":"<p>Circula\u0163ia pe autostrada A1 Sibiu-Deva se desf\u0103\u015foar\u0103 luni cu restric\u0163ii, \u00een zona localit\u0103\u021bii Co\u0219evi\u021ba, jude\u021bul Timi\u0219, dup\u0103 ce o cistern\u0103<\/p>\n","protected":false},"author":1,"featured_media":27311,"comment_status":"closed","ping_status":"closed","sticky":false,"template":"","format":"standard","meta":{"spay_email":"","footnotes":"","jetpack_publicize_message":""},"categories":[54],"tags":[],"class_list":["post-66840","post","type-post","status-publish","format-standard","has-post-thumbnail","hentry","category-informatii-rutiere"],"jetpack_featured_media_url":"https:\/\/i2.wp.com\/realitatearutiera.ro\/wp-content\/uploads\/2017\/09\/infotrafic.jpg?fit=630%2C365&ssl=1","jetpack_publicize_connections":[],"jetpack_sharing_enabled":true,"jetpack_shortlink":"https:\/\/wp.me\/p61naM-ho4","jetpack-related-posts":[],"_links":{"self":[{"href":"https:\/\/realitatearutiera.ro\/index.php?rest_route=\/wp\/v2\/posts\/66840","targetHints":{"allow":["GET"]}}],"collection":[{"href":"https:\/\/realitatearutiera.ro\/index.php?rest_route=\/wp\/v2\/posts"}],"about":[{"href":"https:\/\/realitatearutiera.ro\/index.php?rest_route=\/wp\/v2\/types\/post"}],"author":[{"embeddable":true,"href":"https:\/\/realitatearutiera.ro\/index.php?rest_route=\/wp\/v2\/users\/1"}],"replies":[{"embeddable":true,"href":"https:\/\/realitatearutiera.ro\/index.php?rest_route=%2Fwp%2Fv2%2Fcomments&post=66840"}],"version-history":[{"count":1,"href":"https:\/\/realitatearutiera.ro\/index.php?rest_route=\/wp\/v2\/posts\/66840\/revisions"}],"predecessor-version":[{"id":66841,"href":"https:\/\/realitatearutiera.ro\/index.php?rest_route=\/wp\/v2\/posts\/66840\/revisions\/66841"}],"wp:featuredmedia":[{"embeddable":true,"href":"https:\/\/realitatearutiera.ro\/index.php?rest_route=\/wp\/v2\/media\/27311"}],"wp:attachment":[{"href":"https:\/\/realitatearutiera.ro\/index.php?rest_route=%2Fwp%2Fv2%2Fmedia&parent=66840"}],"wp:term":[{"taxonomy":"category","embeddable":true,"href":"https:\/\/realitatearutiera.ro\/index.php?rest_route=%2Fwp%2Fv2%2Fcategories&post=66840"},{"taxonomy":"post_tag","embeddable":true,"href":"https:\/\/realitatearutiera.ro\/index.php?rest_route=%2Fwp%2Fv2%2Ftags&post=66840"}],"curies":[{"name":"wp","href":"https:\/\/api.w.org\/{rel}","templated":true}]}}