{"id":66842,"date":"2020-07-27T10:04:26","date_gmt":"2020-07-27T07:04:26","guid":{"rendered":"http:\/\/realitatearutiera.ro\/?p=66842"},"modified":"2020-07-27T10:04:29","modified_gmt":"2020-07-27T07:04:29","slug":"o-masina-cu-trei-persoane-inauntru-a-luat-foc-in-mers-in-municipiul-vaslui","status":"publish","type":"post","link":"https:\/\/realitatearutiera.ro\/?p=66842","title":{"rendered":"O ma\u0219in\u0103 cu trei persoane \u00een\u0103untru a luat foc, \u00een mers, \u00een municipiul Vaslui"},"content":{"rendered":"\n<p> Un autoturism marca Logan a luat foc \u00een trafic, duminic\u0103 dup\u0103-amiaz\u0103, pe strada C\u0103lug\u0103reni din municipiul Vaslui, pasagerii reu\u0219ind s\u0103 se salveze \u00eenainte ca fl\u0103c\u0103rile s\u0103 se extind\u0103. Potrivit reprezenta\u021bilor ISU Vaslui, incendiul ar fi pornit de la un scurtcircuit electric. \u201cDeta\u0219amentul de pompieri Vaslui a intervenit cu o autospecial\u0103 de stingere cu ap\u0103 \u0219i spum\u0103, pentru lichidarea unui incendiu izbucnit la un autoturism din municipiul Vaslui, strada C\u0103lug\u0103reni, l\u00e2ng\u0103 magazinul Penny Market. La momentul izbucnirii incendiului, autoturismul se afla \u00een mers, \u00een interior fiind o persoan\u0103 de sex feminin \u0219i doi copii. P\u00e2n\u0103 la sosirea pompierilor, persoanele aflate \u00een autoturism s-au autoevacuat. La sosirea echipajului de interven\u021bie, incendiul se manifesta la nivelul compartimentului motor \u0219i la bordul autovehiculului. Incendiul a fost lichidat \u00een c\u00e2teva minute. Au ars compartimentul motor \u0219i sitemul electric al autoturismului. Au fost degradate aripile autoturismului, bordul \u0219i o portier\u0103. Cauza probabil\u0103 de izbucnire a incendiului a fost un scurtcircuit electric\u201d, a precizat purt\u0103torul de cuv\u00e2nt al ISU Vaslui. Din fericire, nu au fost persoane r\u0103nite.<\/p>\n\n\n\n<figure class=\"wp-block-image\"><img decoding=\"async\" src=\"https:\/\/i1.wp.com\/www.vremeanoua.ro\/wp-content\/uploads\/2020\/07\/masina-arsa1.jpeg?w=800\" alt=\"\" title=\"sdf\" data-recalc-dims=\"1\"\/><\/figure>\n\n\n\n<p>.<\/p>\n\n\n\n<figure class=\"wp-block-image\"><img decoding=\"async\" src=\"https:\/\/i2.wp.com\/www.vremeanoua.ro\/wp-content\/uploads\/2020\/07\/masina-arsa2.jpeg?w=800\" alt=\"\" title=\"sdfe\" data-recalc-dims=\"1\"\/><\/figure>\n\n\n\n<p>sursa: vremeanoua.ro<\/p>\n","protected":false},"excerpt":{"rendered":"<p>Un autoturism marca Logan a luat foc \u00een trafic, duminic\u0103 dup\u0103-amiaz\u0103, pe strada C\u0103lug\u0103reni din municipiul Vaslui, pasagerii reu\u0219ind s\u0103<\/p>\n","protected":false},"author":1,"featured_media":47533,"comment_status":"closed","ping_status":"closed","sticky":false,"template":"","format":"standard","meta":{"spay_email":"","footnotes":"","jetpack_publicize_message":""},"categories":[1],"tags":[],"class_list":["post-66842","post","type-post","status-publish","format-standard","has-post-thumbnail","hentry","category-uncategorized"],"jetpack_featured_media_url":"https:\/\/i0.wp.com\/realitatearutiera.ro\/wp-content\/uploads\/2019\/03\/buzau-o-femeie-a-ars-de-vie-in-propria-masina-pompierii-criticati-ca-au-ajuns-prea-tarziu-123386.jpg?fit=800%2C450&ssl=1","jetpack_publicize_connections":[],"jetpack_sharing_enabled":true,"jetpack_shortlink":"https:\/\/wp.me\/p61naM-ho6","jetpack-related-posts":[],"_links":{"self":[{"href":"https:\/\/realitatearutiera.ro\/index.php?rest_route=\/wp\/v2\/posts\/66842","targetHints":{"allow":["GET"]}}],"collection":[{"href":"https:\/\/realitatearutiera.ro\/index.php?rest_route=\/wp\/v2\/posts"}],"about":[{"href":"https:\/\/realitatearutiera.ro\/index.php?rest_route=\/wp\/v2\/types\/post"}],"author":[{"embeddable":true,"href":"https:\/\/realitatearutiera.ro\/index.php?rest_route=\/wp\/v2\/users\/1"}],"replies":[{"embeddable":true,"href":"https:\/\/realitatearutiera.ro\/index.php?rest_route=%2Fwp%2Fv2%2Fcomments&post=66842"}],"version-history":[{"count":1,"href":"https:\/\/realitatearutiera.ro\/index.php?rest_route=\/wp\/v2\/posts\/66842\/revisions"}],"predecessor-version":[{"id":66843,"href":"https:\/\/realitatearutiera.ro\/index.php?rest_route=\/wp\/v2\/posts\/66842\/revisions\/66843"}],"wp:featuredmedia":[{"embeddable":true,"href":"https:\/\/realitatearutiera.ro\/index.php?rest_route=\/wp\/v2\/media\/47533"}],"wp:attachment":[{"href":"https:\/\/realitatearutiera.ro\/index.php?rest_route=%2Fwp%2Fv2%2Fmedia&parent=66842"}],"wp:term":[{"taxonomy":"category","embeddable":true,"href":"https:\/\/realitatearutiera.ro\/index.php?rest_route=%2Fwp%2Fv2%2Fcategories&post=66842"},{"taxonomy":"post_tag","embeddable":true,"href":"https:\/\/realitatearutiera.ro\/index.php?rest_route=%2Fwp%2Fv2%2Ftags&post=66842"}],"curies":[{"name":"wp","href":"https:\/\/api.w.org\/{rel}","templated":true}]}}