{"id":66844,"date":"2020-07-27T10:25:33","date_gmt":"2020-07-27T07:25:33","guid":{"rendered":"http:\/\/realitatearutiera.ro\/?p=66844"},"modified":"2020-07-27T10:25:36","modified_gmt":"2020-07-27T07:25:36","slug":"tanara-ranita-intr-un-accident-de-circulatie-petrecut-in-judetul-bototani","status":"publish","type":"post","link":"https:\/\/realitatearutiera.ro\/?p=66844","title":{"rendered":"T\u00e2n\u0103r\u0103 r\u0103nit\u0103 \u00eentr-un accident de circula\u021bie petrecut \u00een jude\u021bul Boto\u021bani"},"content":{"rendered":"\n<p><strong>O t\u00e2n\u0103r\u0103 de 20 de ani am fost r\u0103nit\u0103 \u0219i transportat\u0103 la spital cu o ambulan\u021b\u0103 dup\u0103 ce ma\u0219ina pe care o conducea a ie\u0219it de pe \u0219osea \u0219i s-a r\u0103sturnat \u00eentr-un canal de coectare a apei de pe marginea drum.&nbsp;<\/strong><\/p>\n\n\n\n<p>Accidentul a avut loc \u00eentre localit\u0103\u021bile C\u0103line\u0219ti \u0219i Bucecea, \u00eentr-o curb\u0103 la dreapta, \u00een care t\u00e2n\u0103ra \u0219oferi\u021b\u0103 a intrat cu vitez\u0103 prea mare.<\/p>\n\n\n\n<p>T\u00e2n\u0103ra se afla la volanul unui Volkswagen Golf \u0219i se \u00eendrepta dinspre Boto\u0219ani spre Bucea, \u00eens\u0103 din cauza vitezei a pierdut controlul volanului iar ma\u0219ina nu am mai virat dreapta, ce a mers \u00eenainte, pe o por\u021biune de aproximativ 30 m de p\u0103m\u00e2nt, dup\u0103 care a lovit o rigol\u0103 de pe marginea unui drum secundar, iar ma\u0219ina s-a dat peste cap, ajung\u00e2nd \u00efn \u0219an\u021bul de pe partea opus\u0103.<\/p>\n\n\n\n<p>Fata a fost preluat\u0103 de un echipaj cu medic al SMURD \u0219i transportat\u0103 la Urgen\u021be con\u0219tient\u0103, dar cu mai multe contuzii \u0219i traumatisme.<\/p>\n\n\n\n<p>sursa: stiri.botosani<\/p>\n","protected":false},"excerpt":{"rendered":"<p>O t\u00e2n\u0103r\u0103 de 20 de ani am fost r\u0103nit\u0103 \u0219i transportat\u0103 la spital cu o ambulan\u021b\u0103 dup\u0103 ce ma\u0219ina pe<\/p>\n","protected":false},"author":1,"featured_media":66061,"comment_status":"closed","ping_status":"closed","sticky":false,"template":"","format":"standard","meta":{"spay_email":"","footnotes":"","jetpack_publicize_message":""},"categories":[1],"tags":[],"class_list":["post-66844","post","type-post","status-publish","format-standard","has-post-thumbnail","hentry","category-uncategorized"],"jetpack_featured_media_url":"https:\/\/i2.wp.com\/realitatearutiera.ro\/wp-content\/uploads\/2020\/07\/accident_f58627.jpg?fit=1200%2C804&ssl=1","jetpack_publicize_connections":[],"jetpack_sharing_enabled":true,"jetpack_shortlink":"https:\/\/wp.me\/p61naM-ho8","jetpack-related-posts":[],"_links":{"self":[{"href":"https:\/\/realitatearutiera.ro\/index.php?rest_route=\/wp\/v2\/posts\/66844","targetHints":{"allow":["GET"]}}],"collection":[{"href":"https:\/\/realitatearutiera.ro\/index.php?rest_route=\/wp\/v2\/posts"}],"about":[{"href":"https:\/\/realitatearutiera.ro\/index.php?rest_route=\/wp\/v2\/types\/post"}],"author":[{"embeddable":true,"href":"https:\/\/realitatearutiera.ro\/index.php?rest_route=\/wp\/v2\/users\/1"}],"replies":[{"embeddable":true,"href":"https:\/\/realitatearutiera.ro\/index.php?rest_route=%2Fwp%2Fv2%2Fcomments&post=66844"}],"version-history":[{"count":1,"href":"https:\/\/realitatearutiera.ro\/index.php?rest_route=\/wp\/v2\/posts\/66844\/revisions"}],"predecessor-version":[{"id":66845,"href":"https:\/\/realitatearutiera.ro\/index.php?rest_route=\/wp\/v2\/posts\/66844\/revisions\/66845"}],"wp:featuredmedia":[{"embeddable":true,"href":"https:\/\/realitatearutiera.ro\/index.php?rest_route=\/wp\/v2\/media\/66061"}],"wp:attachment":[{"href":"https:\/\/realitatearutiera.ro\/index.php?rest_route=%2Fwp%2Fv2%2Fmedia&parent=66844"}],"wp:term":[{"taxonomy":"category","embeddable":true,"href":"https:\/\/realitatearutiera.ro\/index.php?rest_route=%2Fwp%2Fv2%2Fcategories&post=66844"},{"taxonomy":"post_tag","embeddable":true,"href":"https:\/\/realitatearutiera.ro\/index.php?rest_route=%2Fwp%2Fv2%2Ftags&post=66844"}],"curies":[{"name":"wp","href":"https:\/\/api.w.org\/{rel}","templated":true}]}}