{"id":66851,"date":"2020-07-27T11:14:51","date_gmt":"2020-07-27T08:14:51","guid":{"rendered":"http:\/\/realitatearutiera.ro\/?p=66851"},"modified":"2020-07-27T11:14:54","modified_gmt":"2020-07-27T08:14:54","slug":"impact-frontal-pe-centura-orasului-alba-iulia-cinci-persoane-intre-care-un-minor-au-ajuns-la-spital","status":"publish","type":"post","link":"https:\/\/realitatearutiera.ro\/?p=66851","title":{"rendered":"Impact frontal pe centura ora\u015fului Alba Iulia. Cinci persoane, \u00eentre care un minor, au ajuns la spital"},"content":{"rendered":"\n<p>\u015eapte persoane au fost implicate \u00eentr-un accident rutier grav petrecut luni noaptea pe \u015foseaua de centur\u0103 a ora\u015fului Alba Iulia. Cinci dintre acestea au ajuns la spital. Unul dintre cei care au suferit leziuni este minor. \u00a0 Potrivit IPJ Alba, persoanele r\u0103nite sunt din jude\u0163ele Cluj \u015fi S\u0103laj. \u00a0 \u00cen jurul orei 23.50, un b\u0103rbat de 37 de ani, din S\u0103rm\u0103\u015fag (Cluj), \u00een timp ce conducea un autoturism (Audi A4 \u2013 n.r.), s-a angajat \u00een dep\u0103\u015fire \u015fi a lovit frontal un autoturism ce circula din sens opus (Renault \u2013 nr.r), condus de un t\u00e2n\u0103r de 21 ani din Cluj-Napoca. \u00a0 Au fost r\u0103ni\u0163i \u015fi transporta\u0163i la spital un copil de 13 ani \u015fi o femeie de 35 de ani din prima ma\u015fin\u0103, dar \u015fi \u015foferul celui de al doilea autoturism \u015fi doi pasageri \u2013 un t\u00e2n\u0103r de 25 de ani \u015fi o t\u00e2n\u0103r\u0103 de 21 de ani. \u00a0<\/p>\n\n\n\n<p>sursa: adevarul.ro<\/p>\n","protected":false},"excerpt":{"rendered":"<p>\u015eapte persoane au fost implicate \u00eentr-un accident rutier grav petrecut luni noaptea pe \u015foseaua de centur\u0103 a ora\u015fului Alba Iulia.<\/p>\n","protected":false},"author":1,"featured_media":64868,"comment_status":"closed","ping_status":"closed","sticky":false,"template":"","format":"standard","meta":{"spay_email":"","footnotes":"","jetpack_publicize_message":""},"categories":[1],"tags":[],"class_list":["post-66851","post","type-post","status-publish","format-standard","has-post-thumbnail","hentry","category-uncategorized"],"jetpack_featured_media_url":"https:\/\/i1.wp.com\/realitatearutiera.ro\/wp-content\/uploads\/2020\/06\/accident-gura-humorului-noaptea-8.jpeg?fit=768%2C1024&ssl=1","jetpack_publicize_connections":[],"jetpack_sharing_enabled":true,"jetpack_shortlink":"https:\/\/wp.me\/p61naM-hof","jetpack-related-posts":[],"_links":{"self":[{"href":"https:\/\/realitatearutiera.ro\/index.php?rest_route=\/wp\/v2\/posts\/66851","targetHints":{"allow":["GET"]}}],"collection":[{"href":"https:\/\/realitatearutiera.ro\/index.php?rest_route=\/wp\/v2\/posts"}],"about":[{"href":"https:\/\/realitatearutiera.ro\/index.php?rest_route=\/wp\/v2\/types\/post"}],"author":[{"embeddable":true,"href":"https:\/\/realitatearutiera.ro\/index.php?rest_route=\/wp\/v2\/users\/1"}],"replies":[{"embeddable":true,"href":"https:\/\/realitatearutiera.ro\/index.php?rest_route=%2Fwp%2Fv2%2Fcomments&post=66851"}],"version-history":[{"count":1,"href":"https:\/\/realitatearutiera.ro\/index.php?rest_route=\/wp\/v2\/posts\/66851\/revisions"}],"predecessor-version":[{"id":66852,"href":"https:\/\/realitatearutiera.ro\/index.php?rest_route=\/wp\/v2\/posts\/66851\/revisions\/66852"}],"wp:featuredmedia":[{"embeddable":true,"href":"https:\/\/realitatearutiera.ro\/index.php?rest_route=\/wp\/v2\/media\/64868"}],"wp:attachment":[{"href":"https:\/\/realitatearutiera.ro\/index.php?rest_route=%2Fwp%2Fv2%2Fmedia&parent=66851"}],"wp:term":[{"taxonomy":"category","embeddable":true,"href":"https:\/\/realitatearutiera.ro\/index.php?rest_route=%2Fwp%2Fv2%2Fcategories&post=66851"},{"taxonomy":"post_tag","embeddable":true,"href":"https:\/\/realitatearutiera.ro\/index.php?rest_route=%2Fwp%2Fv2%2Ftags&post=66851"}],"curies":[{"name":"wp","href":"https:\/\/api.w.org\/{rel}","templated":true}]}}